{"id":3715,"date":"2024-04-03T20:48:31","date_gmt":"2024-04-03T20:48:31","guid":{"rendered":"https:\/\/politicapatagonica.com\/?p=3715"},"modified":"2024-04-04T20:38:25","modified_gmt":"2024-04-04T20:38:25","slug":"legislatura-provincial-pedimos-que-cada-espacio-tenga-lo-que-le-corresponde","status":"publish","type":"post","link":"https:\/\/politicapatagonica.com\/index.php\/2024\/04\/03\/legislatura-provincial-pedimos-que-cada-espacio-tenga-lo-que-le-corresponde\/","title":{"rendered":"Legislatura provincial: &#8220;Pedimos que cada espacio tenga lo que le corresponde&#8221;"},"content":{"rendered":"\n<p>La C\u00e1mara de Diputados de La Pampa convoc\u00f3 a labor parlamentaria paraeste jueves y a sesi\u00f3n, una hora despu\u00e9s, a pesar de que <strong>a\u00fan no est\u00e1n conformadas las comisiones<\/strong>. <\/p>\n\n\n\n<p>Hip\u00f3lito Altolaguirre, presidente del bloque de la UCR, mantuvo la posici\u00f3n de los legisladores opositores, que reclaman la presidencia y mayor\u00eda de las comisiones de &#8220;gesti\u00f3n&#8221;. <strong>&#8220;Pedimos que cada espacio tenga lo que le corresponde, de acuerdo a lo que votaron los pampeanos&#8221;<\/strong>, expres\u00f3 Altolaguirre. Adem\u00e1s, se refiri\u00f3 al cambio de denominaci\u00f3n del Banco de La Pampa y a las definiciones de autoridades dentro del radicalismo.<\/p>\n\n\n\n<p><strong>&#8220;La secretar\u00eda legislativa convoc\u00f3 a labor parlamentaria para este jueves a las 10 y a sesi\u00f3n a las 11 horas, pero a\u00fan no tenemos el sumario de los temas&#8221;<\/strong>, indic\u00f3 Altolaguirre. Y aclar\u00f3 que &#8220;no hemos tenido contacto (con los diputados del oficialismo) desde la semana pasada para solucionar el tema de las comisiones&#8221;.<\/p>\n\n\n\n<p>El legislador radical dijo que, desde el bloque, &#8220;siempre hemos tenido la mejor predisposici\u00f3n, se ha ido a todas las reuniones que se han convocado y la intenci\u00f3n de solucionar este tema est\u00e1. Para que la gente entienda, <strong>hay 11 comisiones y como estamos igualados en diputados de oficialismo y oposici\u00f3n debemos tomar una decisi\u00f3n&#8221;.&nbsp;&nbsp;<\/strong><\/p>\n\n\n\n<p><strong>Los diputados de la oposici\u00f3n sostienen que al haber obtenido m\u00e1s votos que los del oficialismo, les corresponden presidencias y mayor\u00edas en Comisiones que son de gesti\u00f3n y maneja el oficialismo.<\/strong><\/p>\n\n\n\n<p>&#8220;Hubo reconocimiento en la negociaci\u00f3n que la oposici\u00f3n tiene que tener la presidencia de algunas de las comisiones. Que haya comisiones de cada uno de los bloques permite negociar los temas que se trataran: si el oficialismo tiene todas las comisiones, se van a tratar los temas que ellos quieran; Si las tiene la oposici\u00f3n, es lo mismo&#8221;, manifest\u00f3 Altolaguirre.<\/p>\n\n\n\n<p>Y asegur\u00f3:<strong> &#8220;pedimos que cada espacio tenga lo que le corresponde, de acuerdo a lo que votaron los pampeanos. Hablamos de dos comisiones de gesti\u00f3n, dos de otras comisiones, presidencia y mayor\u00eda. Sabemos que la comisi\u00f3n de hacienda le corresponde al oficialismo, porque ah\u00ed se decide c\u00f3mo se va a administrar la provincial, pero vamos a intentar seguir avanzando con las otras&#8221;.&nbsp;<\/strong><\/p>\n\n\n\n<p>La necesidad del funcionamiento en la Legislatura radica, principalmente, en los dos proyectos que envi\u00f3 el Ejecutivo provincial para afrontar la crisis generada por las medidas del gobierno nacional: El aporte solidario y la continuidad de la obra p\u00fablica nacional a cargo de la Provincia.<\/p>\n\n\n\n<p>Sobre este \u00faltimo, Altolaguire indic\u00f3: &#8220;queremos que nos expliquen porque quieren declarar la emergencia en la obra p\u00fablica, <strong>porque eso permite contratar sin licitar <\/strong>y en el proyecto figuran aportes para el Mega estadio y si estamos en emergencia en el pa\u00eds, destinar plata para el Mega estadio no nos parece correcto&#8221;<\/p>\n\n\n\n<p>Respecto al aporte solidario, &#8220;Poli&#8221; Altolaguirre consider\u00f3 que &#8220;es un aumento de impuestos. Se saca dinero que siempre llega a los municipios para Desarrollo Social.<strong> Es el mismo criterio que critican que el gobierno nacional, que le saca a las provincias para financiarse. Y estamos en contra del aumento de los ingresos brutos a la empresas financieras porque va a repercutir en la gente&#8221;.<\/strong><\/p>\n\n\n\n<p><strong>BLP y UCR<\/strong><\/p>\n\n\n\n<p>En las \u00faltimas horas<strong>, el Directorio del Banco de La Pampa (BLP) avis\u00f3 a sus accionistas que el Decreto de Necesidad y Urgencia 70\/2023 del presidente Javier Milei &#8220;obliga a las empresas con participaci\u00f3n estatal a convertirse en sociedades an\u00f3nimas, por lo cual dejar\u00edamos de ser una de Econom\u00eda Mixta&#8221;<\/strong>. En una situaci\u00f3n similar estar\u00edan las empresas Pampetrol y Aguas del Colorado.<\/p>\n\n\n\n<p>Ante esta medida, el diputado radical sostuvo que &#8220;est\u00e1 bien que los controles que tiene cualquier privado, con respecto a los actos societarios, los tenga el Estado. Creo que no le va a generar mayores inconvenientes&#8221;. Y a\u00f1adi\u00f3: &#8220;no he escuchado cr\u00edticas desde el gobierno provincial ni de las autoridades del BLP&#8221;.<\/p>\n\n\n\n<p>Altolaguirre tambi\u00e9n fue consultado sobre la elecci\u00f3n de autoridades de la Uni\u00f3n C\u00edvica Radica), que tendr\u00e1 su convenci\u00f3n el pr\u00f3ximo s\u00e1bado por la tarde.&nbsp;<\/p>\n\n\n\n<p><strong>&#8220;Estar\u00e1n los representantes de toda la provincia para elegir autoridades&#8221;, detall\u00f3 Altolaguirre y adelant\u00f3 que &#8220;Rom\u00e1n Molin surge como el nombre del consenso, pero hay que esperar hasta el s\u00e1bado, lo tiene que elegir la convenci\u00f3n&#8221;.&nbsp;<\/strong><\/p>\n\n\n\n<p>&#8220;No me alegro que haya gente que este perdiendo su empleo<strong>. El Estado como esta no va mas, hay que buscar los instrumentos para haya retiros voluntarios, gente que le falta poco para jubilarse, computar dos a\u00f1os por uno, etc. Ya durante la pandemia vimos como el Estado puede funcionar con menos gente.<\/strong> No digo en todas las \u00e1reas, pero se puede funcionar con menos personal del que hay El problema es que viene un gobierno y arrasa con todo lo que hizo el anterior En alg\u00fan momento hab\u00eda que ordenar las cuentas, pero hay cosas que est\u00e1n mal y no los vamos a apoyar, como el recorte de los fondos para la provincia&#8221;, cerr\u00f3 el diputado<\/p>\n\n\n\n<p><strong>Fuente: www.eldiariodelapampa.com.ar<\/strong><\/p>\n","protected":false},"excerpt":{"rendered":"<p>La C\u00e1mara de Diputados de La Pampa convoc\u00f3 a labor parlamentaria paraeste jueves y a sesi\u00f3n, una hora despu\u00e9s, a pesar de que a\u00fan no est\u00e1n conformadas las comisiones. Hip\u00f3lito Altolaguirre, presidente del bloque de la UCR, mantuvo la posici\u00f3n de los legisladores opositores, que reclaman la presidencia y mayor\u00eda de las comisiones de &#8220;gesti\u00f3n&#8221;. [&hellip;]<\/p>\n","protected":false},"author":5,"featured_media":3716,"comment_status":"open","ping_status":"open","sticky":false,"template":"","format":"standard","meta":[],"categories":[10],"tags":[],"_links":{"self":[{"href":"https:\/\/politicapatagonica.com\/index.php\/wp-json\/wp\/v2\/posts\/3715"}],"collection":[{"href":"https:\/\/politicapatagonica.com\/index.php\/wp-json\/wp\/v2\/posts"}],"about":[{"href":"https:\/\/politicapatagonica.com\/index.php\/wp-json\/wp\/v2\/types\/post"}],"author":[{"embeddable":true,"href":"https:\/\/politicapatagonica.com\/index.php\/wp-json\/wp\/v2\/users\/5"}],"replies":[{"embeddable":true,"href":"https:\/\/politicapatagonica.com\/index.php\/wp-json\/wp\/v2\/comments?post=3715"}],"version-history":[{"count":2,"href":"https:\/\/politicapatagonica.com\/index.php\/wp-json\/wp\/v2\/posts\/3715\/revisions"}],"predecessor-version":[{"id":3725,"href":"https:\/\/politicapatagonica.com\/index.php\/wp-json\/wp\/v2\/posts\/3715\/revisions\/3725"}],"wp:featuredmedia":[{"embeddable":true,"href":"https:\/\/politicapatagonica.com\/index.php\/wp-json\/wp\/v2\/media\/3716"}],"wp:attachment":[{"href":"https:\/\/politicapatagonica.com\/index.php\/wp-json\/wp\/v2\/media?parent=3715"}],"wp:term":[{"taxonomy":"category","embeddable":true,"href":"https:\/\/politicapatagonica.com\/index.php\/wp-json\/wp\/v2\/categories?post=3715"},{"taxonomy":"post_tag","embeddable":true,"href":"https:\/\/politicapatagonica.com\/index.php\/wp-json\/wp\/v2\/tags?post=3715"}],"curies":[{"name":"wp","href":"https:\/\/api.w.org\/{rel}","templated":true}]}}