{"id":3712,"date":"2024-04-03T19:24:18","date_gmt":"2024-04-03T19:24:18","guid":{"rendered":"https:\/\/politicapatagonica.com\/?p=3712"},"modified":"2024-04-04T20:35:50","modified_gmt":"2024-04-04T20:35:50","slug":"biss-confirmo-que-no-buscara-renovar-su-mandato-al-frente-de-la-ucr","status":"publish","type":"post","link":"https:\/\/politicapatagonica.com\/index.php\/2024\/04\/03\/biss-confirmo-que-no-buscara-renovar-su-mandato-al-frente-de-la-ucr\/","title":{"rendered":"Dami\u00e1n Biss confirm\u00f3 que no buscar\u00e1 renovar su mandato al frente de la UCR de Chubut"},"content":{"rendered":"\n<p>Dami\u00e1n Biss, presidente de la <strong>UCR Chubut<\/strong> se refiri\u00f3 al pr\u00f3ximo proceso de renovaci\u00f3n de autoridades que tendr\u00e1 el partido y en este contexto <strong>reiter\u00f3 su respaldo al vicegobernador Gustavo Menna<\/strong> para presidir el partido centenario a nivel provincial. Lo manifest\u00f3 en la previa al encuentro donde se defin\u00edan fechas para avanzar en el proceso de elecci\u00f3n de autoridades.<\/p>\n\n\n\n<p><strong>Biss reiter\u00f3 que no buscar\u00e1 renovar el mandato<\/strong> y precis\u00f3 que &#8220;necesito abocarme a la gesti\u00f3n municipal en plenitud y el partido necesita de personas que est\u00e9n en m\u00e1s\u00a0libertad de tiempo&#8221;, insistiendo en que &#8220;estamos orgullosos de lo realizado&#8221; durante su per\u00edodo al frente del partido.<\/p>\n\n\n\n<p>En cuanto a qui\u00e9n podr\u00eda ser un referente para presidir al radicalismo, destac\u00f3 que Menna ser\u00eda un buen presidente dado que &#8220;ha expresado su inter\u00e9s y me parece que est\u00e1 en una posici\u00f3n que realmente lo posiciona muy bien para hacerlo&#8221;.<\/p>\n\n\n\n<p>&#8220;Es vicegobernador y recorre la provincia constantemente,\u00a0podr\u00eda cumplir las dos funciones tranquilamente&#8221;, sum\u00f3 y remarc\u00f3 que &#8220;es el radical que ocupa el cargo de mayor relevancia&#8221;.<\/p>\n\n\n\n<p>Hoy &#8220;es el cuadro\u00a0m\u00e1s\u00a0preparado, est\u00e1 para cumplir funciones tanto a nivel del Estado como\u00a0a nivel partidario&#8221;.<\/p>\n\n\n\n<p><strong>Fuente: www.elchubut.com.ar<\/strong><\/p>\n","protected":false},"excerpt":{"rendered":"<p>Dami\u00e1n Biss, presidente de la UCR Chubut se refiri\u00f3 al pr\u00f3ximo proceso de renovaci\u00f3n de autoridades que tendr\u00e1 el partido y en este contexto reiter\u00f3 su respaldo al vicegobernador Gustavo Menna para presidir el partido centenario a nivel provincial. Lo manifest\u00f3 en la previa al encuentro donde se defin\u00edan fechas para avanzar en el proceso [&hellip;]<\/p>\n","protected":false},"author":5,"featured_media":3713,"comment_status":"open","ping_status":"open","sticky":false,"template":"","format":"standard","meta":[],"categories":[14],"tags":[],"_links":{"self":[{"href":"https:\/\/politicapatagonica.com\/index.php\/wp-json\/wp\/v2\/posts\/3712"}],"collection":[{"href":"https:\/\/politicapatagonica.com\/index.php\/wp-json\/wp\/v2\/posts"}],"about":[{"href":"https:\/\/politicapatagonica.com\/index.php\/wp-json\/wp\/v2\/types\/post"}],"author":[{"embeddable":true,"href":"https:\/\/politicapatagonica.com\/index.php\/wp-json\/wp\/v2\/users\/5"}],"replies":[{"embeddable":true,"href":"https:\/\/politicapatagonica.com\/index.php\/wp-json\/wp\/v2\/comments?post=3712"}],"version-history":[{"count":2,"href":"https:\/\/politicapatagonica.com\/index.php\/wp-json\/wp\/v2\/posts\/3712\/revisions"}],"predecessor-version":[{"id":3723,"href":"https:\/\/politicapatagonica.com\/index.php\/wp-json\/wp\/v2\/posts\/3712\/revisions\/3723"}],"wp:featuredmedia":[{"embeddable":true,"href":"https:\/\/politicapatagonica.com\/index.php\/wp-json\/wp\/v2\/media\/3713"}],"wp:attachment":[{"href":"https:\/\/politicapatagonica.com\/index.php\/wp-json\/wp\/v2\/media?parent=3712"}],"wp:term":[{"taxonomy":"category","embeddable":true,"href":"https:\/\/politicapatagonica.com\/index.php\/wp-json\/wp\/v2\/categories?post=3712"},{"taxonomy":"post_tag","embeddable":true,"href":"https:\/\/politicapatagonica.com\/index.php\/wp-json\/wp\/v2\/tags?post=3712"}],"curies":[{"name":"wp","href":"https:\/\/api.w.org\/{rel}","templated":true}]}}