{"id":3696,"date":"2024-03-27T20:48:50","date_gmt":"2024-03-27T20:48:50","guid":{"rendered":"https:\/\/politicapatagonica.com\/?p=3696"},"modified":"2024-03-28T10:28:16","modified_gmt":"2024-03-28T10:28:16","slug":"milei-puso-a-figueroa-en-el-circulo-de-gobernadores-mas-confiables","status":"publish","type":"post","link":"https:\/\/politicapatagonica.com\/index.php\/2024\/03\/27\/milei-puso-a-figueroa-en-el-circulo-de-gobernadores-mas-confiables\/","title":{"rendered":"El presidente Milei puso a Figueroa en el c\u00edrculo de gobernadores m\u00e1s confiables"},"content":{"rendered":"\n<p>El gobierno de Javier Milei despleg\u00f3 una estrategia para&nbsp;<strong>llegar al pacto de mayo con un acuerdo<\/strong>&nbsp;que involucre a la mayor cantidad de gobiernos provinciales. En la primera fase del plan la administraci\u00f3n libertaria eligi\u00f3 acercar posiciones con algunos mandatarios, para luego ir por todos. En esa instancia, uno de los primeros convocados a la Casa Rosada fue el neuquino&nbsp;<strong>Rolando Figueroa<\/strong>.<\/p>\n\n\n\n<p>Lo recibi\u00f3 el ministro de Econom\u00eda&nbsp;<strong>Luis Toto Caputo<\/strong>, junto al salte\u00f1o Gustavo S\u00e1enz. El otro mandatario patag\u00f3nico que pas\u00f3 por la Casa Rosada es&nbsp;<strong>Claudio Vidal<\/strong>, de Santa Cruz.<\/p>\n\n\n\n<p>El titular de la cartera de Hacienda encabeza las negociaciones incipientes con los jefes provinciales junto a su par de Interior,&nbsp;<strong>Guillermo Francos<\/strong>.<\/p>\n\n\n\n<p>El despliegue libertario no obvi\u00f3 las alianzas regionales que construyen los gobernadores a la hora de estructurar la agenda para las conversaciones que rompan el hielo.<\/p>\n\n\n\n<p>Los gobernadores patag\u00f3nicos avanzaron en la constituci\u00f3n de un bloque a pocos d\u00edas del 10 de diciembre, cuando asumieron los electos hasta 2027. Y ah\u00ed nom\u00e1s la realidad les entreg\u00f3 argumentos poderosos a favor de la conformaci\u00f3n de una alianza para la defensa de los intereses regionales.<\/p>\n\n\n\n<p>El principal capital pol\u00edtico de los jefes de Estado patag\u00f3nicos deriva del potencial de la regi\u00f3n para la producci\u00f3n de fuentes de energ\u00eda, que&nbsp;<strong>explica el 80% de la matriz energ\u00e9tica<\/strong>&nbsp;del pa\u00eds. En tres meses, el bloque patag\u00f3nico enfrent\u00f3 al menos dos desaf\u00edos de alta complejidad: resisti\u00f3 una avanzada que intent\u00f3 la Naci\u00f3n sobre la propiedad de los recursos naturales de las provincias y defendi\u00f3 la posici\u00f3n de Chubut en la dura pelea con la Naci\u00f3n, que deriv\u00f3 de la decisi\u00f3n de Milei de retener parte de la coparticipaci\u00f3n de la provincia.<\/p>\n\n\n\n<p>La confrontaci\u00f3n por los fondos de Chubut fue superada cuando un fallo judicial le dio la raz\u00f3n al gobernador&nbsp;<strong>Ignacio Torres<\/strong>&nbsp;(Pro) y le orden\u00f3 a la Naci\u00f3n pagar lo que deb\u00eda. No fue ese el \u00fanico desencuentro p\u00fablico de un mandatario patag\u00f3nico con el gobierno nacional.<\/p>\n\n\n\n<p>Con menos vehemencia que el cruce con Torres, el Ejecutivo nacional confront\u00f3 con el rionegrino&nbsp;<strong>Alberto Weretilneck<\/strong>, quien sali\u00f3 a cuestionar la gesti\u00f3n de Milei sobre las relaciones con las provincias. Fue el primero en amenazar con dejar sin energ\u00eda al pa\u00eds si el gobierno central insist\u00eda con medidas que provocan el desfinanciamiento de las gestiones provinciales.<\/p>\n\n\n\n<p>En funci\u00f3n de atender los posicionamientos regionales, Francos particip\u00f3 este martes de un&nbsp;<strong>encuentro que reuni\u00f3 a diez gobernadores del Norte<\/strong>&nbsp;del pa\u00eds, que act\u00faan en bloque frente a algunos temas desde hace tiempo. Anteriormente, el ministro del Interior hab\u00eda recibido al gobernador de Mendoza,&nbsp;<strong>Alfredo Cornejo<\/strong>, en el marco de la estrategia para concretar el pacto de mayo.<\/p>\n\n\n\n<p>La reconfiguraci\u00f3n del escenario pol\u00edtico nacional por los efectos de las medidas del nuevo gobierno gener\u00f3 una serie de tensiones que explica por qu\u00e9 el gobierno de<strong>&nbsp;Milei eligi\u00f3 a Figueroa y Vidal<\/strong>&nbsp;entre los mandatarios de la regi\u00f3n para el arranque del dialogo con el que buscar\u00e1 que los jefes provinciales legitimen el enorme ajuste que puso en marcha.<\/p>\n\n\n\n<p><strong>Milei convoc\u00f3 a los gobernadores a celebrar un pacto<\/strong>&nbsp;de gobernabilidad el primero de marzo, luego de que fracasara en el Congreso la aprobaci\u00f3n de la Ley \u00d3mnibus, que preve\u00eda profundos cambios econ\u00f3micos, sociales y pol\u00edticos a partir de la modificaci\u00f3n de m\u00e1s de 300 leyes vigentes. El Ejecutivo nacional pretende con este pacto&nbsp;<strong>allanar el camino para las reformas<\/strong>&nbsp;que no pudo convalidar en el Congreso.<\/p>\n\n\n\n<p>El camino hacia la concreci\u00f3n del pacto no est\u00e1 exento de&nbsp;<strong>obst\u00e1culos que complejizan el tr\u00e1nsito<\/strong>. Lo sabe el presidente. Por eso, en la convocatoria a los gobernadores contempl\u00f3 un margen amplio de tiempo entre la convocatoria, realizada el primero de marzo, y la concreci\u00f3n del c\u00f3nclave, prevista para el 25 de mayo, en C\u00f3rdoba.<\/p>\n\n\n\n<p>El rechazo del presidente a la negociaci\u00f3n como herramienta de la gesti\u00f3n no impidi\u00f3 la activaci\u00f3n de un operativo tendiente a consolidar alg\u00fan nivel de consenso para el plan en marcha. Si quiere materializar esa pretensi\u00f3n, Milei est\u00e1 obligado a replantear su negativa a resolver las diferencias con los factores de poder por medio de negociaciones, que es uno de los ejes de su modelo de conducci\u00f3n.<\/p>\n\n\n\n<p><strong>Fuente: lmneuquen.com<\/strong><\/p>\n","protected":false},"excerpt":{"rendered":"<p>El gobierno de Javier Milei despleg\u00f3 una estrategia para&nbsp;llegar al pacto de mayo con un acuerdo&nbsp;que involucre a la mayor cantidad de gobiernos provinciales. En la primera fase del plan la administraci\u00f3n libertaria eligi\u00f3 acercar posiciones con algunos mandatarios, para luego ir por todos. En esa instancia, uno de los primeros convocados a la Casa [&hellip;]<\/p>\n","protected":false},"author":5,"featured_media":3697,"comment_status":"open","ping_status":"open","sticky":false,"template":"","format":"standard","meta":[],"categories":[9],"tags":[],"_links":{"self":[{"href":"https:\/\/politicapatagonica.com\/index.php\/wp-json\/wp\/v2\/posts\/3696"}],"collection":[{"href":"https:\/\/politicapatagonica.com\/index.php\/wp-json\/wp\/v2\/posts"}],"about":[{"href":"https:\/\/politicapatagonica.com\/index.php\/wp-json\/wp\/v2\/types\/post"}],"author":[{"embeddable":true,"href":"https:\/\/politicapatagonica.com\/index.php\/wp-json\/wp\/v2\/users\/5"}],"replies":[{"embeddable":true,"href":"https:\/\/politicapatagonica.com\/index.php\/wp-json\/wp\/v2\/comments?post=3696"}],"version-history":[{"count":2,"href":"https:\/\/politicapatagonica.com\/index.php\/wp-json\/wp\/v2\/posts\/3696\/revisions"}],"predecessor-version":[{"id":3709,"href":"https:\/\/politicapatagonica.com\/index.php\/wp-json\/wp\/v2\/posts\/3696\/revisions\/3709"}],"wp:featuredmedia":[{"embeddable":true,"href":"https:\/\/politicapatagonica.com\/index.php\/wp-json\/wp\/v2\/media\/3697"}],"wp:attachment":[{"href":"https:\/\/politicapatagonica.com\/index.php\/wp-json\/wp\/v2\/media?parent=3696"}],"wp:term":[{"taxonomy":"category","embeddable":true,"href":"https:\/\/politicapatagonica.com\/index.php\/wp-json\/wp\/v2\/categories?post=3696"},{"taxonomy":"post_tag","embeddable":true,"href":"https:\/\/politicapatagonica.com\/index.php\/wp-json\/wp\/v2\/tags?post=3696"}],"curies":[{"name":"wp","href":"https:\/\/api.w.org\/{rel}","templated":true}]}}