{"id":3693,"date":"2024-03-27T20:30:05","date_gmt":"2024-03-27T20:30:05","guid":{"rendered":"https:\/\/politicapatagonica.com\/?p=3693"},"modified":"2024-03-28T10:25:33","modified_gmt":"2024-03-28T10:25:33","slug":"claudio-vidal-pidio-el-juicio-politico-a-paula-luduena-la-ex-presidenta-del-tribunal-superior-de-justicia","status":"publish","type":"post","link":"https:\/\/politicapatagonica.com\/index.php\/2024\/03\/27\/claudio-vidal-pidio-el-juicio-politico-a-paula-luduena-la-ex-presidenta-del-tribunal-superior-de-justicia\/","title":{"rendered":"El gobernador Vidal pidi\u00f3 juicio pol\u00edtico a la ex presidenta del Tribunal Superior de Justicia"},"content":{"rendered":"\n<p>El vicegobernador&nbsp;<strong>Fabi\u00e1n Leguizam\u00f3n<\/strong>&nbsp;inform\u00f3 que ingres\u00f3 a la&nbsp;<strong>Sala Acusadora de la C\u00e1mara de Diputados<\/strong>, la nota firmada a t\u00edtulo personal por el gobernador de la provincia de&nbsp;<strong>Santa Cruz, Claudio Vidal<\/strong>, mediante la cual solicita someter a&nbsp;<strong>juicio pol\u00edtico<\/strong>&nbsp;a la vocal del Tribunal Superior de Justicia,&nbsp;<strong>Dra. Paula Ludue\u00f1a<\/strong>, por la presunta comisi\u00f3n de los delitos de mal desempe\u00f1o de su funci\u00f3n y omisi\u00f3n de los deberes de funcionario p\u00fablico.<\/p>\n\n\n\n<p>En este contexto, el presidente de la&nbsp;<strong>C\u00e1mara de Diputados<\/strong>&nbsp;adelant\u00f3 en un&nbsp;<strong>comunicado<\/strong>&nbsp;que \u201cel motivo del juicio pol\u00edtico a Ludue\u00f1a radica en las graves irregularidades y omisiones cometidas por la magistrada del TSJ, quien paraliz\u00f3 injustificada y deliberadamente un pedido de Jury de Enjuiciamiento en el a\u00f1o 2018 en contra del ex Juez de Recursos de la ciudad de Caleta Olivia,&nbsp;<strong>Dr. Miguel \u00c1ngel Meyer<\/strong>, y el Titular de la Fiscal\u00eda N\u00b0 1 ante los Juzgados de Primera Instancia de esa localidad,&nbsp;<strong>Dr. Martin Sebasti\u00e1n Sed\u00e1n<\/strong>\u201c.<\/p>\n\n\n\n<p><strong>El texto completo del pedido de juicio pol\u00edtico a Paula Lude\u00f1a<\/strong><\/p>\n\n\n\n<p><strong>La Opini\u00f3n Austral<\/strong>&nbsp;tuvo acceso al texto completo del pedido de juicio pol\u00edtico a<strong>&nbsp;Paula Lude\u00f1a<\/strong>&nbsp;presentado por<strong>&nbsp;Claudio Vidal<\/strong>.<\/p>\n\n\n\n<p>Vale destacar que, en la solicitud de juicio pol\u00edtico, se alega \u201cignorancia inexcusable del derecho de la legislaci\u00f3n vigente, demostrada por su err\u00f3nea aplicaci\u00f3n en autos, sentencias y dict\u00e1menes que de ellos emanen\u201d y \u201crepetici\u00f3n de excusaciones inmotivadas o intervenci\u00f3n indebida en caso de excusaci\u00f3n obligatoria, habiendo mediado recusaci\u00f3n\u201d por parte de los funcionarios anteriormente mencionados durante su accionar en la causa que motiv\u00f3 el pedido de Jury de Enjuiciamiento en el 2018.<\/p>\n\n\n\n<p>En este sentido, Vidal argument\u00f3: \u201cLa Dra. Ludue\u00f1a tard\u00f3 5 a\u00f1os en cumplir con el primer acto procesal dispuesto por ley en un caso; mientras que en el otro, s\u00f3lo esper\u00f3 que el magistrado a quien deb\u00eda juzgar se acogiera al beneficio de la jubilaci\u00f3n\u201d, en lo que considera una demora desmedida por fuera de los plazos legales razonables, sin causa aparente.<\/p>\n\n\n\n<p>\u201cSer\u00e1 la Dra. Ludue\u00f1a la que deber\u00e1 dar cuenta de su accionar, dar respuestas del por qu\u00e9 demor\u00f3 la tramitaci\u00f3n de una denuncia formulada en contra de dos funcionarios, de una denuncia que denotaba el accionar irregular cometido por dos funcionarios en el marco de un servicio de justicia que el Tribunal Superior de Justicia debe controlar\u201d, reza el escrito.<\/p>\n\n\n\n<p>Por \u00faltimo, vale recordar que el pedido de juicio pol\u00edtico ingresar\u00e1 primero a la Sala Acusadora de la Legislatura Provincial donde se aportar\u00e1n las pruebas correspondientes para luego ser analizado en la Sala Juzgadora donde finalmente los diputados resolver\u00e1n por votaci\u00f3n si corresponde o no la destituci\u00f3n de Ludue\u00f1a de su cargo como vocal del TSJ.<\/p>\n\n\n\n<p><strong>Fuente: www.laopinionaustral.com.ar<\/strong><\/p>\n","protected":false},"excerpt":{"rendered":"<p>El vicegobernador&nbsp;Fabi\u00e1n Leguizam\u00f3n&nbsp;inform\u00f3 que ingres\u00f3 a la&nbsp;Sala Acusadora de la C\u00e1mara de Diputados, la nota firmada a t\u00edtulo personal por el gobernador de la provincia de&nbsp;Santa Cruz, Claudio Vidal, mediante la cual solicita someter a&nbsp;juicio pol\u00edtico&nbsp;a la vocal del Tribunal Superior de Justicia,&nbsp;Dra. Paula Ludue\u00f1a, por la presunta comisi\u00f3n de los delitos de mal desempe\u00f1o [&hellip;]<\/p>\n","protected":false},"author":5,"featured_media":3694,"comment_status":"open","ping_status":"open","sticky":false,"template":"","format":"standard","meta":[],"categories":[8],"tags":[],"_links":{"self":[{"href":"https:\/\/politicapatagonica.com\/index.php\/wp-json\/wp\/v2\/posts\/3693"}],"collection":[{"href":"https:\/\/politicapatagonica.com\/index.php\/wp-json\/wp\/v2\/posts"}],"about":[{"href":"https:\/\/politicapatagonica.com\/index.php\/wp-json\/wp\/v2\/types\/post"}],"author":[{"embeddable":true,"href":"https:\/\/politicapatagonica.com\/index.php\/wp-json\/wp\/v2\/users\/5"}],"replies":[{"embeddable":true,"href":"https:\/\/politicapatagonica.com\/index.php\/wp-json\/wp\/v2\/comments?post=3693"}],"version-history":[{"count":2,"href":"https:\/\/politicapatagonica.com\/index.php\/wp-json\/wp\/v2\/posts\/3693\/revisions"}],"predecessor-version":[{"id":3707,"href":"https:\/\/politicapatagonica.com\/index.php\/wp-json\/wp\/v2\/posts\/3693\/revisions\/3707"}],"wp:featuredmedia":[{"embeddable":true,"href":"https:\/\/politicapatagonica.com\/index.php\/wp-json\/wp\/v2\/media\/3694"}],"wp:attachment":[{"href":"https:\/\/politicapatagonica.com\/index.php\/wp-json\/wp\/v2\/media?parent=3693"}],"wp:term":[{"taxonomy":"category","embeddable":true,"href":"https:\/\/politicapatagonica.com\/index.php\/wp-json\/wp\/v2\/categories?post=3693"},{"taxonomy":"post_tag","embeddable":true,"href":"https:\/\/politicapatagonica.com\/index.php\/wp-json\/wp\/v2\/tags?post=3693"}],"curies":[{"name":"wp","href":"https:\/\/api.w.org\/{rel}","templated":true}]}}