{"id":3690,"date":"2024-03-26T23:01:45","date_gmt":"2024-03-26T23:01:45","guid":{"rendered":"https:\/\/politicapatagonica.com\/?p=3690"},"modified":"2024-03-28T10:15:53","modified_gmt":"2024-03-28T10:15:53","slug":"candidatos-a-intendentes-de-trelew-estaran-obligados-a-debatir","status":"publish","type":"post","link":"https:\/\/politicapatagonica.com\/index.php\/2024\/03\/26\/candidatos-a-intendentes-de-trelew-estaran-obligados-a-debatir\/","title":{"rendered":"A partir de ahora, candidatos a intendentes de Trelew estar\u00e1n obligados a debatir"},"content":{"rendered":"\n<p>Este martes, por unanimidad, <strong>se aprob\u00f3 en el Concejo Deliberante de Trelew la obligatoriedad de los debates de candidatos a intendente<\/strong> de la ciudad.<\/p>\n\n\n\n<p>La ordenanza fue acompa\u00f1ada por los <strong>10 concejales de Trelew<\/strong>, con lo cual se establece la obligatoriedad para los aspirantes a la intendencia de esa ciudad chubutense a debatir de forma abierta para dar a conocer a la comunidad sus plataformas electorales.<\/p>\n\n\n\n<p>La ordenanza sancionada cont\u00f3 con el voto de los concejales de&nbsp;<em>Juntos por el Cambio<\/em>&nbsp;Claudia Monaj\u00ed, Claudia Sol\u00eds,&nbsp;Francisco Ferrelli,&nbsp;Rub\u00e9n C\u00e1ceres,&nbsp;Vanesa Panellao y Mart\u00edn Luna; del&nbsp;<em>ChuSoTo&nbsp;<\/em>Daniel Asciutto; de&nbsp;<em>Hacemos Trelew<\/em>,&nbsp;Bel\u00e9n Baskovc; de&nbsp;<em>Somos Trelew<\/em>, Juan Aguilar; y de&nbsp;<em>X Trelew<\/em>, \u00c1ngel Callupil.<\/p>\n\n\n\n<p><strong>Fuente: www.elchubut.com<\/strong><\/p>\n","protected":false},"excerpt":{"rendered":"<p>Este martes, por unanimidad, se aprob\u00f3 en el Concejo Deliberante de Trelew la obligatoriedad de los debates de candidatos a intendente de la ciudad. La ordenanza fue acompa\u00f1ada por los 10 concejales de Trelew, con lo cual se establece la obligatoriedad para los aspirantes a la intendencia de esa ciudad chubutense a debatir de forma [&hellip;]<\/p>\n","protected":false},"author":5,"featured_media":3691,"comment_status":"open","ping_status":"open","sticky":false,"template":"","format":"standard","meta":[],"categories":[14],"tags":[],"_links":{"self":[{"href":"https:\/\/politicapatagonica.com\/index.php\/wp-json\/wp\/v2\/posts\/3690"}],"collection":[{"href":"https:\/\/politicapatagonica.com\/index.php\/wp-json\/wp\/v2\/posts"}],"about":[{"href":"https:\/\/politicapatagonica.com\/index.php\/wp-json\/wp\/v2\/types\/post"}],"author":[{"embeddable":true,"href":"https:\/\/politicapatagonica.com\/index.php\/wp-json\/wp\/v2\/users\/5"}],"replies":[{"embeddable":true,"href":"https:\/\/politicapatagonica.com\/index.php\/wp-json\/wp\/v2\/comments?post=3690"}],"version-history":[{"count":3,"href":"https:\/\/politicapatagonica.com\/index.php\/wp-json\/wp\/v2\/posts\/3690\/revisions"}],"predecessor-version":[{"id":3705,"href":"https:\/\/politicapatagonica.com\/index.php\/wp-json\/wp\/v2\/posts\/3690\/revisions\/3705"}],"wp:featuredmedia":[{"embeddable":true,"href":"https:\/\/politicapatagonica.com\/index.php\/wp-json\/wp\/v2\/media\/3691"}],"wp:attachment":[{"href":"https:\/\/politicapatagonica.com\/index.php\/wp-json\/wp\/v2\/media?parent=3690"}],"wp:term":[{"taxonomy":"category","embeddable":true,"href":"https:\/\/politicapatagonica.com\/index.php\/wp-json\/wp\/v2\/categories?post=3690"},{"taxonomy":"post_tag","embeddable":true,"href":"https:\/\/politicapatagonica.com\/index.php\/wp-json\/wp\/v2\/tags?post=3690"}],"curies":[{"name":"wp","href":"https:\/\/api.w.org\/{rel}","templated":true}]}}