{"id":3687,"date":"2024-03-26T22:00:01","date_gmt":"2024-03-26T22:00:01","guid":{"rendered":"https:\/\/politicapatagonica.com\/?p=3687"},"modified":"2024-03-28T10:08:37","modified_gmt":"2024-03-28T10:08:37","slug":"la-concejal-libertaria-de-viedma-silvina-franco-denuncio-por-violencia-de-genero-a-su-par-de-patagones","status":"publish","type":"post","link":"https:\/\/politicapatagonica.com\/index.php\/2024\/03\/26\/la-concejal-libertaria-de-viedma-silvina-franco-denuncio-por-violencia-de-genero-a-su-par-de-patagones\/","title":{"rendered":"Una concejal libertaria de Viedma denunci\u00f3 por violencia de g\u00e9nero a su par de Patagones"},"content":{"rendered":"\n<p>El pasado viernes, durante una reuni\u00f3n entre concejales de Viedma y Carmen de Patagones para conmemorar la pr\u00f3xima sesi\u00f3n conjunta,<strong>&nbsp;se produjo un incidente entre la concejal Silvina Franco de Viedma y su par maragato, Roberto Mart\u00ednez<\/strong>. Seg\u00fan la edil, el hombre adopt\u00f3 un tono agresivo y machista hacia ella, llegando incluso a un enfrentamiento f\u00edsico menor antes de retirarse del recinto.<\/p>\n\n\n\n<p>En el transcurso de la reuni\u00f3n,&nbsp;<strong>en la que se compart\u00edan perspectivas sobre la pr\u00f3xima sesi\u00f3n de abril, la concejal Franco present\u00f3 un proyecto<\/strong>&nbsp;para declarar ciudadano ilustre a los nacidos el 22 de abril, fecha emblem\u00e1tica por la Fundaci\u00f3n de Viedma-Patagones.<\/p>\n\n\n\n<p>Luego de la reuni\u00f3n entre los concejales, seg\u00fan el relato de la concejal de Viedma,\u00a0<strong>Roberto Mart\u00ednez empez\u00f3 a gritarle con &#8220;un tono verbal agresivo y machista&#8221;.\u00a0<\/strong>Agreg\u00f3 que Mart\u00ednez, visiblemente exaltado, abandon\u00f3 el recinto del Concejo Deliberante tras chocar f\u00edsicamente con ella.<\/p>\n\n\n\n<p>El episodio no solo fue presenciado por los presentes en el lugar, incluyendo vecinos y otros concejales, sino que tambi\u00e9n fue&nbsp;<strong>objeto de denuncia por parte de la concejal de Viedma,&nbsp;<\/strong>quien lo llev\u00f3 ante las autoridades pertinentes por violencia de g\u00e9nero.<\/p>\n\n\n\n<h2>&#8220;Esta persona es de mi mismo partido&#8221;, puntualiz\u00f3 Franco<\/h2>\n\n\n\n<p>Franco, al hacer p\u00fablica la denuncia, expres\u00f3: &#8220;Esto no es algo pol\u00edtico porque esta persona es de mi mismo partido y el incidente para mi fue la gota que rebas\u00f3 el vaso,<strong>\u00a0yo represento una persona com\u00fan, no tengo historia pol\u00edtica, nunca milit\u00e9<\/strong>\u00a0y me sent\u00ed identificada porque tenemos principios que todos conocen y en esos est\u00e1 la no violencia, y pienso que no se estar\u00eda representando&#8221;.<\/p>\n\n\n\n<p>&#8220;Hac\u00eda gestos con las manos, gritaba y<strong>\u00a0no te dejaba hablar, sali\u00f3 con cosas incoherentes, le dijo a su secretario:<\/strong>\u00a0v\u00e1monos Agust\u00edn, vos sabes c\u00f3mo son las mujeres en estas cosas&#8221;, coment\u00f3 Franco.<\/p>\n\n\n\n<p>&#8220;Me pas\u00f3 a llevar, sigui\u00f3 caminando y<strong>\u00a0ah\u00ed fue la peor parte porque le dije no me grites,\u00a0<\/strong>adelante de concejales de Patagones y Viedma, administrativos y gente presente, entonces tom\u00f3 un conocimiento p\u00fablico&#8221;, continu\u00f3 la concejal.<\/p>\n\n\n\n<p>Cont\u00f3: &#8220;\u00c9l me dijo: sabemos lo que hiciste con Ariel Rivero (Referente del partido Primero R\u00edo Negro) para llegar&#8221;. Sobre este punto, Franco se\u00f1al\u00f3: &#8220;Cuatro veces lo vi a Ariel Rivero y siempre estuve acompa\u00f1ada de gente&#8221;.<\/p>\n\n\n\n<p>&#8220;La peor parte es donde\u00a0<strong>me siento quebrada, porque siento que las mujeres si no las pone un hombre no existen<\/strong>&#8220;, finaliz\u00f3 Franco.<\/p>\n\n\n\n<p><strong>Fuente: www.rionegro.com.ar<\/strong><\/p>\n","protected":false},"excerpt":{"rendered":"<p>El pasado viernes, durante una reuni\u00f3n entre concejales de Viedma y Carmen de Patagones para conmemorar la pr\u00f3xima sesi\u00f3n conjunta,&nbsp;se produjo un incidente entre la concejal Silvina Franco de Viedma y su par maragato, Roberto Mart\u00ednez. Seg\u00fan la edil, el hombre adopt\u00f3 un tono agresivo y machista hacia ella, llegando incluso a un enfrentamiento f\u00edsico [&hellip;]<\/p>\n","protected":false},"author":5,"featured_media":3688,"comment_status":"open","ping_status":"open","sticky":false,"template":"","format":"standard","meta":[],"categories":[1],"tags":[],"_links":{"self":[{"href":"https:\/\/politicapatagonica.com\/index.php\/wp-json\/wp\/v2\/posts\/3687"}],"collection":[{"href":"https:\/\/politicapatagonica.com\/index.php\/wp-json\/wp\/v2\/posts"}],"about":[{"href":"https:\/\/politicapatagonica.com\/index.php\/wp-json\/wp\/v2\/types\/post"}],"author":[{"embeddable":true,"href":"https:\/\/politicapatagonica.com\/index.php\/wp-json\/wp\/v2\/users\/5"}],"replies":[{"embeddable":true,"href":"https:\/\/politicapatagonica.com\/index.php\/wp-json\/wp\/v2\/comments?post=3687"}],"version-history":[{"count":2,"href":"https:\/\/politicapatagonica.com\/index.php\/wp-json\/wp\/v2\/posts\/3687\/revisions"}],"predecessor-version":[{"id":3701,"href":"https:\/\/politicapatagonica.com\/index.php\/wp-json\/wp\/v2\/posts\/3687\/revisions\/3701"}],"wp:featuredmedia":[{"embeddable":true,"href":"https:\/\/politicapatagonica.com\/index.php\/wp-json\/wp\/v2\/media\/3688"}],"wp:attachment":[{"href":"https:\/\/politicapatagonica.com\/index.php\/wp-json\/wp\/v2\/media?parent=3687"}],"wp:term":[{"taxonomy":"category","embeddable":true,"href":"https:\/\/politicapatagonica.com\/index.php\/wp-json\/wp\/v2\/categories?post=3687"},{"taxonomy":"post_tag","embeddable":true,"href":"https:\/\/politicapatagonica.com\/index.php\/wp-json\/wp\/v2\/tags?post=3687"}],"curies":[{"name":"wp","href":"https:\/\/api.w.org\/{rel}","templated":true}]}}