{"id":3680,"date":"2024-03-25T20:37:57","date_gmt":"2024-03-25T20:37:57","guid":{"rendered":"https:\/\/politicapatagonica.com\/?p=3680"},"modified":"2024-03-25T20:37:59","modified_gmt":"2024-03-25T20:37:59","slug":"una-multitud-salio-a-la-calle-en-santa-rosa-para-pedir-por-memoria-verdad-y-justicia","status":"publish","type":"post","link":"https:\/\/politicapatagonica.com\/index.php\/2024\/03\/25\/una-multitud-salio-a-la-calle-en-santa-rosa-para-pedir-por-memoria-verdad-y-justicia\/","title":{"rendered":"Una multitud sali\u00f3 a la calle en Santa Rosa para pedir por Memoria, Verdad y Justicia"},"content":{"rendered":"\n<p>Una multitud cop\u00f3 las calles de Santa Rosa en el D\u00eda Nacional de la Memoria por la Verdad y la Justicia. Las actividades comenzaron en la plaza San Mart\u00edn y luego de la lectura del documento en unidad, las miles de personas se trasladaron a la Seccional Primera para reclamar por el Sitio de Memoria. Finalmente se desarroll\u00f3 un festival en el Parque Provincial que se inaugur\u00f3 el a\u00f1o pasado. \u201cMilei es la dictadura\u201d, leyeron en el texto que difundieron las organizaciones.<\/p>\n\n\n\n<p>La jornada fue organizada por el Movimiento Pampeano por los Derechos Humanos en conjunto con diversas organizaciones sociales. Las personas comenzaron a llegar luego de las 17 a la plaza San Mart\u00edn para participar del \u201cTendal de la Memoria\u201d de la Asociaci\u00f3n Pampeana de Escritores. En afiches dibujaron siluetas para recordar a las v\u00edctimas pampeanas del terrorismo de Estado, tambi\u00e9n hubo radio abierta y posteriormente la lectura del documento firmada por m\u00faltiples instituciones.<\/p>\n\n\n\n<p>Luego de un aplauso extendido, las miles de personas asistentes marcharon con pancartas desde el centro de la ciudad hacia la Seccional Primera, lugar de detenci\u00f3n y tortura durante la \u00faltima dictadura militar. All\u00ed, reclamaron recuperar el espacio para transformarlo en un Sitio de Memoria. La jornada finaliz\u00f3 con un festival en el Parque Provincial de la Memoria, a cargo de \u201cJ\u00f3venes por j\u00f3venes\u201d.<\/p>\n\n\n\n<p><strong>Documento.<\/strong><\/p>\n\n\n\n<p>El texto, redactado en unidad, y que leyeron los y las referentes en La Glorieta de la plaza lleva el t\u00edtulo \u201c30 mil razones para defender la patria\u201d. \u201cA 48 a\u00f1os del golpe c\u00edvico- eclesi\u00e1stico- empresarial- judicial- militar, este 24 de marzo nos encuentra con el pueblo hambreado, la naci\u00f3n en venta y castigados por las mismas injusticias contra las que lucharon les 30 mil para lograr una patria libre, justa y soberana\u201d, comenzaron.<\/p>\n\n\n\n<p>\u201cEl 24 de Marzo de 1976 fue una bisagra: por un lado las atrocidades que ya ven\u00edan ocurriendo desde el 74 por el accionar fascista de la triple A con apoyo de las fuerzas de Seguridad y, por el otro, el golpe de Estado de Fuerzas Armadas. Recrudeci\u00f3 as\u00ed el terrorismo a partir de persecuciones, secuestros, desapariciones y asesinatos, para dar lugar al m\u00e1s sangriento genocidio de nuestra historia reciente\u201d, recordaron.<\/p>\n\n\n\n<p>\u201cEsta dictadura con 30.000 detenidos desaparecidos no termin\u00f3 con su sue\u00f1o, pero est\u00e1 vigente en el DNU y la mega ley: someter a 45 millones de argentinos para que sean pobres sumisos. Es decir, un disciplinamiento social para poder explotar en forma permanente al pueblo. Esa es la seguridad jur\u00eddica para las inversiones extranjeras que so\u00f1\u00f3 Mart\u00ednez de Hoz y que sue\u00f1a Milei\u201d, alertaron.<\/p>\n\n\n\n<p><strong>\u201cMilei es la dictadura\u201d.<\/strong><\/p>\n\n\n\n<p>En el documento hicieron hincapi\u00e9 en que \u201choy toca confrontar con el gobierno neo fascista colonial de Milei- Villarruel- Macri, que promete arrasar con todos los derechos sociales conseguidos en m\u00e1s de un siglo, y generar un proceso de desestabilizaci\u00f3n social, una gran crisis que acarree m\u00e1s violencia, pobreza y p\u00e9rdidas de derechos humanos. Milei es la dictadura. Es clara la relaci\u00f3n en los planes econ\u00f3micos, vino a continuar lo impuesto por la dictadura pero con las formas de la democracia\u201d.<\/p>\n\n\n\n<p>Tambi\u00e9n apuntaron contra la vicepresidenta porque hacer \u201capolog\u00eda del golpe\u201d y aseguraron que \u201csi llegase a tener que recibir la banda presidencial, no tendr\u00eda pruritos en sacar al Ej\u00e9rcito a reprimir para cumplir con su anhelo de reivindicar el golpe militar y destruir nuestra memoria popular\u201d.<\/p>\n\n\n\n<p>\u201cA la pregunta: \u00bfQu\u00e9 hacer para frenar a esta derecha que conduce el pa\u00eds? Nuestra hist\u00f3rica respuesta es: levantemos en alto las banderas de nuestros desaparecidas, y aprendamos de la lucha de las Madres y Abuelas de plaza de Mayo, de nietos, familiares y sobrevivientes que son continuadores y articuladores de la unidad\u201d, escribieron.<\/p>\n\n\n\n<p>Tambi\u00e9n indicaron la necesidad de \u201cconstruir unidad para recuperar la esperanza de que venceremos&#8230; Nosotros le decimos: \u00a1No pasar\u00e1n! Porque la memoria que nos pertenece, nos permite pensarnos, anticiparnos y planificar nuevos caminos que nos conducen a las calles como lo hemos hecho desde siempre\u201d.<\/p>\n\n\n\n<p>Exigieron justicia por \u201cel ataque de nuestra compa\u00f1era de H.I.J.O.S.\u201d y pidieron por la \u201crestituci\u00f3n de los ni\u00f1os apropiados en la dictadura\u201d, adem\u00e1s de \u201cc\u00e1rcel com\u00fan y efectiva a los genocidas. \u00a1Basta de domiciliarias o condicionales!\u201d.<\/p>\n\n\n\n<p><strong>\u201cQuieren destruir el s\u00edmbolo\u201d.<\/strong><\/p>\n\n\n\n<p>\u201cVenimos a ratificar nuestra vocaci\u00f3n por la memoria, a honrar a los ca\u00eddos y a seguir su ejemplo\u201d, expres\u00f3 Juan Carlos \u201cPinky\u201d Pumilla, uno de los pampeanos que padecieron detenciones durante la \u00faltima dictadura. En di\u00e1logo con LA ARENA, lament\u00f3 que \u201cel negacionismo viene avanzando, han creado un sentido y han implementado una narrativa\u201d.<\/p>\n\n\n\n<p>Tambi\u00e9n apunt\u00f3 contra la vicepresidenta Victoria Villarruel: \u201cesta se\u00f1ora y todos sus seguidores deber\u00edan hacerle caso a sus propios documentos, porque en el informe producido por la propia dictadura en 1978, que es el informe de Arancibia Clavel, los propios represores ya consignaban 23.000 desaparecidos en el a\u00f1o 1978. Restan contar los que no sobrevivieron hasta 1983 y desde ese a\u00f1o en adelante los que murieron como consecuencia de las torturas. Aunque el n\u00famero supera los 30.000, aceptamos la cifra porque opera como un s\u00edmbolo. Y est\u00e1 claro que lo que quieren destruir es el s\u00edmbolo\u201d, advirti\u00f3.<\/p>\n\n\n\n<p>Para Pinky, cada 24 de marzo resulta \u201cun d\u00eda muy especial, en esta fecha vuelven a abrirse las heridas\u201d, apunta Raquel Barabaschi, otra sobreviviente pampeana. Frente a la Seccional Primera, la piquense se\u00f1al\u00f3 la ventana de una habitaci\u00f3n que funcionaba como \u201csala de tortura\u201d en esa comisar\u00eda. \u201cPor ese motivo cada a\u00f1o volvemos a reclamar que este espacio sea cedido para construir un espacio de memoria, donde nada sea alterado\u201d, por el paso del tiempo, concluy\u00f3.<\/p>\n\n\n\n<p><strong>Fuente: www.laarena.com.ar<\/strong><\/p>\n","protected":false},"excerpt":{"rendered":"<p>Una multitud cop\u00f3 las calles de Santa Rosa en el D\u00eda Nacional de la Memoria por la Verdad y la Justicia. Las actividades comenzaron en la plaza San Mart\u00edn y luego de la lectura del documento en unidad, las miles de personas se trasladaron a la Seccional Primera para reclamar por el Sitio de Memoria. [&hellip;]<\/p>\n","protected":false},"author":5,"featured_media":3681,"comment_status":"open","ping_status":"open","sticky":false,"template":"","format":"standard","meta":[],"categories":[10],"tags":[],"_links":{"self":[{"href":"https:\/\/politicapatagonica.com\/index.php\/wp-json\/wp\/v2\/posts\/3680"}],"collection":[{"href":"https:\/\/politicapatagonica.com\/index.php\/wp-json\/wp\/v2\/posts"}],"about":[{"href":"https:\/\/politicapatagonica.com\/index.php\/wp-json\/wp\/v2\/types\/post"}],"author":[{"embeddable":true,"href":"https:\/\/politicapatagonica.com\/index.php\/wp-json\/wp\/v2\/users\/5"}],"replies":[{"embeddable":true,"href":"https:\/\/politicapatagonica.com\/index.php\/wp-json\/wp\/v2\/comments?post=3680"}],"version-history":[{"count":1,"href":"https:\/\/politicapatagonica.com\/index.php\/wp-json\/wp\/v2\/posts\/3680\/revisions"}],"predecessor-version":[{"id":3682,"href":"https:\/\/politicapatagonica.com\/index.php\/wp-json\/wp\/v2\/posts\/3680\/revisions\/3682"}],"wp:featuredmedia":[{"embeddable":true,"href":"https:\/\/politicapatagonica.com\/index.php\/wp-json\/wp\/v2\/media\/3681"}],"wp:attachment":[{"href":"https:\/\/politicapatagonica.com\/index.php\/wp-json\/wp\/v2\/media?parent=3680"}],"wp:term":[{"taxonomy":"category","embeddable":true,"href":"https:\/\/politicapatagonica.com\/index.php\/wp-json\/wp\/v2\/categories?post=3680"},{"taxonomy":"post_tag","embeddable":true,"href":"https:\/\/politicapatagonica.com\/index.php\/wp-json\/wp\/v2\/tags?post=3680"}],"curies":[{"name":"wp","href":"https:\/\/api.w.org\/{rel}","templated":true}]}}