{"id":3676,"date":"2024-03-25T19:47:18","date_gmt":"2024-03-25T19:47:18","guid":{"rendered":"https:\/\/politicapatagonica.com\/?p=3676"},"modified":"2024-03-26T14:09:30","modified_gmt":"2024-03-26T14:09:30","slug":"los-gobernadores-patagonicos-analizan-demandar-a-ypf-por-la-reversion-de-pozos-convencionales","status":"publish","type":"post","link":"https:\/\/politicapatagonica.com\/index.php\/2024\/03\/25\/los-gobernadores-patagonicos-analizan-demandar-a-ypf-por-la-reversion-de-pozos-convencionales\/","title":{"rendered":"Los gobernadores patag\u00f3nicos analizan demandar a YPF por la reversi\u00f3n de pozos convencionales\u00a0"},"content":{"rendered":"\n<p><strong>Los gobernadores patag\u00f3nicos analizan demandar en forma conjunta a YPF por la decisi\u00f3n de retirarse de la explotaci\u00f3n de los pozos tradicionales de la regi\u00f3n, para concentrarse en Vaca Muerta.<\/strong> Luego de no pocas charlas, los gobernadores habr\u00edan concluido que el di\u00e1logo con la conducci\u00f3n de la petrolera es inconducente.<\/p>\n\n\n\n<p>La demanda, si finalmente se concreta, intentar\u00e1 <strong>forzar a YPF a revertir a las gobernaciones las \u00e1reas que tiene sin producir <\/strong>en las provincias de R\u00edo Negro, Neuqu\u00e9n, Chubut, Santa Cruz, Tierra del Fuego y Salta, entre otras. Esto de hecho est\u00e1 en tratativas, la m\u00e1s avanzada es la de Santa Cruz con el gobernador petrolera Claudio Vidal.<\/p>\n\n\n\n<p>El tema es que<strong> los gobernadores quieren que junto con la entrega de los pozos, la petrolera se haga cargo de los numerosos pasivos ambientales que adeuda<\/strong>, que en conjunto suman decenas de miles de millones de d\u00f3lares. &#8220;Es una discusi\u00f3n abierta&#8221; afirm\u00f3 el portal La Pol\u00edtica Online que informaron desde la petrolera estatal.<\/p>\n\n\n\n<p>No es una discusi\u00f3n nueva, ni empez\u00f3 con el gobierno de Milei. En<strong> las provincias se quejan de que &#8220;YPF en los \u00faltimos a\u00f1os dej\u00f3 de invertir en yacimientos convencionales&#8221;<\/strong>. Est\u00e1n muy enojados porque -argumentan- &#8220;hoy, por una cuesti\u00f3n de buscar m\u00e1s rentabilidad econ\u00f3mica, abandonan a las provincias que tienen yacimientos convencionales&#8221;.&nbsp;<\/p>\n\n\n\n<p>Eso es exactamente as\u00ed, como<strong> YPF tiene un monto limitado para invertir, la nueva conducci\u00f3n de Marin decidi\u00f3 concentrarlo en Vaca Muerta donde se esperan rentabilidades m\u00e1s altas. Pura l\u00f3gica de mercado.<\/strong><\/p>\n\n\n\n<p>En la primera semana de marzo, YPF finalmente anunci\u00f3 a sus inversores que a lo largo de 2024 invertir\u00e1 unos USD 5000 millones, un 12,5% menos que el a\u00f1o pasado, de los cuales <strong>concentrar\u00e1 en Vaca Muerta USD 3.000 millones<\/strong> en su estrategia de focalizar esfuerzos en el no convencional neuquino.&nbsp;<\/p>\n\n\n\n<p>Horacio Mar\u00edn, CEO y presidente de YPF, detall\u00f3 entonces que &#8220;<strong>estamos acelerando tanto como es posible nuestro crecimiento en la producci\u00f3n de shale y al respecto estamos planeando objetivos muy ambiciosos de producci\u00f3n por los pr\u00f3ximos dos a\u00f1os con una expansi\u00f3n del 24% en 2024 y un futuro 35% en 2025.<\/strong> Esto significar\u00e1 saltar de los 97.000 barriles diarios que promedi\u00f3 en 2023, a sumar al menos 120.000 barriles en este a\u00f1o y unos 160.000 el pr\u00f3ximo&#8221;.<\/p>\n\n\n\n<p><strong>La noticia no fue bien recibida por todos los gobernadores que cuestionan a YPF de intentar &#8220;negociar con los privados en los yacimientos que producen un poquito m\u00e1s y dejar abandonados a la suerte a los yacimientos menos productivos&#8221;.&nbsp;<\/strong><\/p>\n\n\n\n<p>En la propia provincia de Neuqu\u00e9n,<strong> el reclamo de la reversi\u00f3n de las \u00e1reas maduras es hist\u00f3rico.<\/strong> Esa provincia, dispuso en el a\u00f1o 2012 la quita de dos \u00e1reas y dej\u00f3 en an\u00e1lisis otras dos \u00e1reas para las cuales la petrolera present\u00f3 una propuesta de inversi\u00f3n. El entonces gobernador Jorge Sapag revirti\u00f3 por la fuerza las \u00e1rea<strong>s &#8220;Chihuido de la Salina&#8221; y &#8220;Portezuelo Minas&#8221;<\/strong>, que no estaban en producci\u00f3n. Tiempo despu\u00e9s, YPF accion\u00f3 judicialmente contra Neuqu\u00e9n.<\/p>\n\n\n\n<p>&nbsp;Lo propio hizo en su momento <strong>Chubut con &#8220;El Tr\u00e9bol-Escalante&#8221; y &#8220;Campamento Central-Ca\u00f1ad\u00f3n Perdido&#8221; <\/strong>que representaban cerca del 7% de la producci\u00f3n total de crudo de la principal petrolera del pa\u00eds.<\/p>\n\n\n\n<p>La petrolera estatal niega que est\u00e9 en un proceso de desinversi\u00f3n y explica que se han orientado distintas prioridades<strong>. &#8220;En Chubut en Manantiales Behr estamos inviertiendo USD 200 millones, en Neuqu\u00e9n USD 3.000 millones en Vaca Muerta, en Mendoza USD 600 millones en la ampliaci\u00f3n de la refiner\u00eda, no es verdad que no estemos invirtiendo&#8221;<\/strong>, afirm\u00f3 a LPO una fuente de la petrolera estatal.<\/p>\n\n\n\n<p>Sin embargo, los gobernadores se quejan que YPF <strong>&#8220;les sac\u00f3 presupuesto a las provincias que tienen yacimientos convencionales y se lo meti\u00f3 todo a Vaca Muerta&#8221;<\/strong>. Por ello es que analizan hacer &#8220;una demanda conjunta por la falta de inversi\u00f3n, por la p\u00e9rdida de producci\u00f3n, que termin\u00f3 siendo un da\u00f1o al Estado, por no sostener ni incrementar la producci\u00f3n y no cumplir con los pasivos ambientales&#8221;.<\/p>\n\n\n\n<p>Los gobernadores no son los \u00fanicos enojados. Tambi\u00e9n se quejan los gremios que agrupan a los trabajadores petroleros. De hecho, en YPF creen que el motor de la protesta de los gobernadores son los gremios.<strong> &#8220;La reversi\u00f3n de \u00e1reas a las provincias las ped\u00edan ellos&#8221;, recuerdan en la petrolera estatal.<\/strong><\/p>\n\n\n\n<p><strong>En efecto, la conflictividad con el gremio petrolero viene en aumento.<\/strong> Chubut, hay problemas con los retiros voluntarios, las jubilaciones anticipadas y los recortes salariales dispuestos por la empresa. En Santa Cruz, mientras tanto, est\u00e1 preparada una gran asamblea para este lunes 25 de marzo en Ca\u00f1ad\u00f3n Seco. All\u00ed, el gremio mostrar\u00e1 su poder\u00edo y advertir\u00e1 a la empresa de que no aceptar\u00e1n esos recortes.<\/p>\n\n\n\n<p><strong>Fuente: www.eldiariodelapampa.com.ar<\/strong><\/p>\n","protected":false},"excerpt":{"rendered":"<p>Los gobernadores patag\u00f3nicos analizan demandar en forma conjunta a YPF por la decisi\u00f3n de retirarse de la explotaci\u00f3n de los pozos tradicionales de la regi\u00f3n, para concentrarse en Vaca Muerta. Luego de no pocas charlas, los gobernadores habr\u00edan concluido que el di\u00e1logo con la conducci\u00f3n de la petrolera es inconducente. La demanda, si finalmente se [&hellip;]<\/p>\n","protected":false},"author":5,"featured_media":3677,"comment_status":"open","ping_status":"open","sticky":false,"template":"","format":"standard","meta":[],"categories":[1],"tags":[],"_links":{"self":[{"href":"https:\/\/politicapatagonica.com\/index.php\/wp-json\/wp\/v2\/posts\/3676"}],"collection":[{"href":"https:\/\/politicapatagonica.com\/index.php\/wp-json\/wp\/v2\/posts"}],"about":[{"href":"https:\/\/politicapatagonica.com\/index.php\/wp-json\/wp\/v2\/types\/post"}],"author":[{"embeddable":true,"href":"https:\/\/politicapatagonica.com\/index.php\/wp-json\/wp\/v2\/users\/5"}],"replies":[{"embeddable":true,"href":"https:\/\/politicapatagonica.com\/index.php\/wp-json\/wp\/v2\/comments?post=3676"}],"version-history":[{"count":4,"href":"https:\/\/politicapatagonica.com\/index.php\/wp-json\/wp\/v2\/posts\/3676\/revisions"}],"predecessor-version":[{"id":3686,"href":"https:\/\/politicapatagonica.com\/index.php\/wp-json\/wp\/v2\/posts\/3676\/revisions\/3686"}],"wp:featuredmedia":[{"embeddable":true,"href":"https:\/\/politicapatagonica.com\/index.php\/wp-json\/wp\/v2\/media\/3677"}],"wp:attachment":[{"href":"https:\/\/politicapatagonica.com\/index.php\/wp-json\/wp\/v2\/media?parent=3676"}],"wp:term":[{"taxonomy":"category","embeddable":true,"href":"https:\/\/politicapatagonica.com\/index.php\/wp-json\/wp\/v2\/categories?post=3676"},{"taxonomy":"post_tag","embeddable":true,"href":"https:\/\/politicapatagonica.com\/index.php\/wp-json\/wp\/v2\/tags?post=3676"}],"curies":[{"name":"wp","href":"https:\/\/api.w.org\/{rel}","templated":true}]}}