{"id":3658,"date":"2024-03-22T21:56:58","date_gmt":"2024-03-22T21:56:58","guid":{"rendered":"https:\/\/politicapatagonica.com\/?p=3658"},"modified":"2024-03-22T22:51:44","modified_gmt":"2024-03-22T22:51:44","slug":"gobierno-inicio-sumarios-a-50-enfermeros-de-bariloche-por-abandono-de-persona","status":"publish","type":"post","link":"https:\/\/politicapatagonica.com\/index.php\/2024\/03\/22\/gobierno-inicio-sumarios-a-50-enfermeros-de-bariloche-por-abandono-de-persona\/","title":{"rendered":"El Gobierno de R\u00edo Negro denunciar\u00e1 penalmente a 50 enfermeros de Bariloche por \u201cabandono de persona\u201d"},"content":{"rendered":"\n<p>El Gobierno de R\u00edo Negro ya comenz\u00f3 a notificar a <strong>los\u00a0enfermeros de Bariloche que el mi\u00e9rcoles no tomaron sus puestos de guardia\u00a0y que motiv\u00f3 la derivaci\u00f3n de pacientes internados en estado cr\u00edtico a cl\u00ednicas privadas<\/strong>, y el gobernador\u00a0<strong>Alberto Weretilneck confirm\u00f3 que ser\u00e1n denunciados penalmente\u00a0<\/strong>por los delitos de\u00a0\u201cincumplimiento de los deberes de funcionario p\u00fablico y abandono de persona\u201d.<\/p>\n\n\n\n<p>El sector de Enfermer\u00eda del hospital Ram\u00f3n Carrillo tom\u00f3 el mi\u00e9rcoles la medida m\u00e1s extrema de los reclamos de toda la provincia. Ayer tras el anuncio del Gobierno de sanciones, decidieron retomar las tareas en guardias.<\/p>\n\n\n\n<p>El gobernador Alberto Weretilneck en di\u00e1logo con&nbsp;<strong>R\u00cdO NEGRO RADIO<\/strong>&nbsp;dijo que lo que ocurri\u00f3 en Bariloche fue \u201cgrav\u00edsimo\u201d y afirm\u00f3 que&nbsp;<strong>ya se pusieron en marcha 16 sumarios y hoy se notificar\u00e1n a 35 enfermeros m\u00e1s<\/strong>. \u201cEn total son 50 enfermeros que tomaron esta actitud\u201d, afirm\u00f3.<\/p>\n\n\n\n<p>Ayer en la asamblea de los trabajadores de salud de Bariloche, la situaci\u00f3n de los enfermeros gener\u00f3 preocupaci\u00f3n y malestar.&nbsp;<strong>Muchos ya hab\u00edan recibido las notificaciones.<\/strong><\/p>\n\n\n\n<p>Weretilneck dijo que se va a<strong>&nbsp;\u201cavanzar en denuncia penal por incumplimiento de los deberes de funcionario p\u00fablico y abandono de persona\u201d<\/strong>.<\/p>\n\n\n\n<p>\u201c<strong>Fue grav\u00edsimo el abandono de personas, de los pacientes que los dejaron en terapia, en neonatologia, en otros lugares, sin cuidado.<\/strong>&nbsp;No se ve\u00eda una medida de esta caracter\u00edstica desde 1995 cuando el Estado hab\u00eda dejado de pagar salarios durante 5 meses\u201d, indic\u00f3 el mandatario.<\/p>\n\n\n\n<p>El sector de Enfermer\u00eda de Bariloche tiene 195 trabajadores, de los cu\u00e1les, seg\u00fan el Gobierno 50 tomaron las medidas extremas y ser\u00e1n objeto de sanciones.<\/p>\n\n\n\n<p>Se\u00f1al\u00f3 que el&nbsp;<strong>Gobierno no puede atender los reclamos puntuales de cada hospital<\/strong>&nbsp;y acordar respuestas por ciudad como pretende la asamblea de trabajadores del hospital de Bariloche que reclama no solo paritaria sectorial sino tambi\u00e9n regional con un salario base de 1,5 millones de pesos.<\/p>\n\n\n\n<p>\u201c<strong>Es dif\u00edcil resolver temas laborales, salariales, desde el punto de vista de la anarqu\u00eda, el Estado se relaciona a trav\u00e9s de las organizaciones gremiales<\/strong>\u201d, afirm\u00f3 Weretilneck en claro cuestionamiento a la modalidad de asamblea de autoconvocados de Bariloche y dijo que \u201cno se puede violar la estructura de funcionamiento como nos vinculamos\u201d.<\/p>\n\n\n\n<p>Adem\u00e1s remarc\u00f3 que el Gobierno negocia con ATE y UPCN porque Asspur&nbsp;<strong>\u201cno est\u00e1 reconocido legalmente en la provincia\u201d<\/strong>&nbsp;y tampoco las asociaciones de profesionales y t\u00e9cnicos. Por eso la mesa de di\u00e1logo de salud del pr\u00f3ximo lunes, tendr\u00e1 solo a esos dos sindicatos que participan tambi\u00e9n de la Funci\u00f3n P\u00fablica y \u201cdepende de la opini\u00f3n\u201d de ambos que se invite a Asspur, dej\u00f3 en claro Weretilneck.<\/p>\n\n\n\n<p>Hoy en<strong>&nbsp;Bariloche 9 sectores de la asamblea estar\u00e1n representados en la mesa de di\u00e1logo&nbsp;<\/strong>que se abri\u00f3 ayer con funcionarios del Ministerio de Salud, aunque seg\u00fan los dichos de Weretilneck no habr\u00e1 all\u00ed una respuesta puntual a las demandas salariales.<\/p>\n\n\n\n<p><strong>Fuente: www.rionegro.com.ar<\/strong><\/p>\n","protected":false},"excerpt":{"rendered":"<p>El Gobierno de R\u00edo Negro ya comenz\u00f3 a notificar a los\u00a0enfermeros de Bariloche que el mi\u00e9rcoles no tomaron sus puestos de guardia\u00a0y que motiv\u00f3 la derivaci\u00f3n de pacientes internados en estado cr\u00edtico a cl\u00ednicas privadas, y el gobernador\u00a0Alberto Weretilneck confirm\u00f3 que ser\u00e1n denunciados penalmente\u00a0por los delitos de\u00a0\u201cincumplimiento de los deberes de funcionario p\u00fablico y abandono [&hellip;]<\/p>\n","protected":false},"author":5,"featured_media":3659,"comment_status":"open","ping_status":"open","sticky":false,"template":"","format":"standard","meta":[],"categories":[13],"tags":[],"_links":{"self":[{"href":"https:\/\/politicapatagonica.com\/index.php\/wp-json\/wp\/v2\/posts\/3658"}],"collection":[{"href":"https:\/\/politicapatagonica.com\/index.php\/wp-json\/wp\/v2\/posts"}],"about":[{"href":"https:\/\/politicapatagonica.com\/index.php\/wp-json\/wp\/v2\/types\/post"}],"author":[{"embeddable":true,"href":"https:\/\/politicapatagonica.com\/index.php\/wp-json\/wp\/v2\/users\/5"}],"replies":[{"embeddable":true,"href":"https:\/\/politicapatagonica.com\/index.php\/wp-json\/wp\/v2\/comments?post=3658"}],"version-history":[{"count":3,"href":"https:\/\/politicapatagonica.com\/index.php\/wp-json\/wp\/v2\/posts\/3658\/revisions"}],"predecessor-version":[{"id":3675,"href":"https:\/\/politicapatagonica.com\/index.php\/wp-json\/wp\/v2\/posts\/3658\/revisions\/3675"}],"wp:featuredmedia":[{"embeddable":true,"href":"https:\/\/politicapatagonica.com\/index.php\/wp-json\/wp\/v2\/media\/3659"}],"wp:attachment":[{"href":"https:\/\/politicapatagonica.com\/index.php\/wp-json\/wp\/v2\/media?parent=3658"}],"wp:term":[{"taxonomy":"category","embeddable":true,"href":"https:\/\/politicapatagonica.com\/index.php\/wp-json\/wp\/v2\/categories?post=3658"},{"taxonomy":"post_tag","embeddable":true,"href":"https:\/\/politicapatagonica.com\/index.php\/wp-json\/wp\/v2\/tags?post=3658"}],"curies":[{"name":"wp","href":"https:\/\/api.w.org\/{rel}","templated":true}]}}