{"id":3655,"date":"2024-03-22T20:21:24","date_gmt":"2024-03-22T20:21:24","guid":{"rendered":"https:\/\/politicapatagonica.com\/?p=3655"},"modified":"2024-03-22T22:43:12","modified_gmt":"2024-03-22T22:43:12","slug":"gustavo-sastre-el-pj-tiene-que-hacer-una-critica-muy-importante","status":"publish","type":"post","link":"https:\/\/politicapatagonica.com\/index.php\/2024\/03\/22\/gustavo-sastre-el-pj-tiene-que-hacer-una-critica-muy-importante\/","title":{"rendered":"El intendente de Madryn cuestion\u00f3 a su partido del PJ y le pidi\u00f3 ser una oposici\u00f3n &#8220;constructiva&#8221;"},"content":{"rendered":"\n<p>El intendente de Puerto Madryn, <strong>Gustavo Sastre<\/strong>, fue consultado sobre la situaci\u00f3n que atraviesa el Partido Justicialista a nivel provincial y las distintas discusiones que se vienen llevando adelante sobre la fecha del Congreso Partidario. Sostuvo que <strong>no participar\u00e1 en ninguno de los dos actos pautados para abril<\/strong>, ya que \u201chay temas mucho m\u00e1s importantes\u201d.<\/p>\n\n\n\n<p><strong>\u201cEstoy abocado totalmente a mi gesti\u00f3n\u201d<\/strong>, respondi\u00f3 el primer mandatario de la ciudad del Golfo al ser consultado si asistir\u00eda a uno de los dos encuentros convocados por los distintos sectores que integran el PJ Chubut. \u201cHay temas mucho m\u00e1s importantes que <strong>andar discutiendo cuestiones que no tienen lugar<\/strong>\u201d, a\u00f1adi\u00f3.<\/p>\n\n\n\n<p>Adem\u00e1s, manifest\u00f3 que \u201c<strong>el PJ tiene que hacer una cr\u00edtica muy importante<\/strong>, tratar de dejar las discusiones est\u00e9riles para otro momento en donde estemos con m\u00e1s tiempo y avanzar con las cuestiones relevantes&#8221;. Y consider\u00f3: &#8220;El Justicialismo tiene que ocupar un rol m\u00e1s importante en la provincia. Tiene que cumplir el rol de opositor que le toca, <strong>tiene que ser una oposici\u00f3n constructiva, donde pueda ayudar al gobierno para que le vaya de la mejor manera<\/strong>\u201d.<\/p>\n\n\n\n<p>Ante esto afirm\u00f3 que \u201cme parece que no son discusiones importantes en qu\u00e9 fecha debe llevarse adelante el Congreso. Yo no voy a seguir dando vueltas sobre la misma rueda, ni ser parte de este tipo de cuestiones\u201d.<\/p>\n\n\n\n<p><strong>Fuente: eldiarioweb.com<\/strong><\/p>\n","protected":false},"excerpt":{"rendered":"<p>El intendente de Puerto Madryn, Gustavo Sastre, fue consultado sobre la situaci\u00f3n que atraviesa el Partido Justicialista a nivel provincial y las distintas discusiones que se vienen llevando adelante sobre la fecha del Congreso Partidario. Sostuvo que no participar\u00e1 en ninguno de los dos actos pautados para abril, ya que \u201chay temas mucho m\u00e1s importantes\u201d. [&hellip;]<\/p>\n","protected":false},"author":5,"featured_media":3656,"comment_status":"open","ping_status":"open","sticky":false,"template":"","format":"standard","meta":[],"categories":[14],"tags":[],"_links":{"self":[{"href":"https:\/\/politicapatagonica.com\/index.php\/wp-json\/wp\/v2\/posts\/3655"}],"collection":[{"href":"https:\/\/politicapatagonica.com\/index.php\/wp-json\/wp\/v2\/posts"}],"about":[{"href":"https:\/\/politicapatagonica.com\/index.php\/wp-json\/wp\/v2\/types\/post"}],"author":[{"embeddable":true,"href":"https:\/\/politicapatagonica.com\/index.php\/wp-json\/wp\/v2\/users\/5"}],"replies":[{"embeddable":true,"href":"https:\/\/politicapatagonica.com\/index.php\/wp-json\/wp\/v2\/comments?post=3655"}],"version-history":[{"count":3,"href":"https:\/\/politicapatagonica.com\/index.php\/wp-json\/wp\/v2\/posts\/3655\/revisions"}],"predecessor-version":[{"id":3672,"href":"https:\/\/politicapatagonica.com\/index.php\/wp-json\/wp\/v2\/posts\/3655\/revisions\/3672"}],"wp:featuredmedia":[{"embeddable":true,"href":"https:\/\/politicapatagonica.com\/index.php\/wp-json\/wp\/v2\/media\/3656"}],"wp:attachment":[{"href":"https:\/\/politicapatagonica.com\/index.php\/wp-json\/wp\/v2\/media?parent=3655"}],"wp:term":[{"taxonomy":"category","embeddable":true,"href":"https:\/\/politicapatagonica.com\/index.php\/wp-json\/wp\/v2\/categories?post=3655"},{"taxonomy":"post_tag","embeddable":true,"href":"https:\/\/politicapatagonica.com\/index.php\/wp-json\/wp\/v2\/tags?post=3655"}],"curies":[{"name":"wp","href":"https:\/\/api.w.org\/{rel}","templated":true}]}}