{"id":3649,"date":"2024-03-21T20:14:24","date_gmt":"2024-03-21T20:14:24","guid":{"rendered":"https:\/\/politicapatagonica.com\/?p=3649"},"modified":"2024-03-22T22:18:42","modified_gmt":"2024-03-22T22:18:42","slug":"el-gobierno-nacional-lanzo-vouchers-para-alumnos-de-familias-que-no-pueden-pagar-la-cuota-de-escuelas-privadas","status":"publish","type":"post","link":"https:\/\/politicapatagonica.com\/index.php\/2024\/03\/21\/el-gobierno-nacional-lanzo-vouchers-para-alumnos-de-familias-que-no-pueden-pagar-la-cuota-de-escuelas-privadas\/","title":{"rendered":"Milei lanz\u00f3 vouchers para alumnos de familias que no pueden pagar la cuota de escuelas privadas"},"content":{"rendered":"\n<p><strong>El Gobierno lanz\u00f3 el programa de asistencia \u201cVouchers Educativos\u201d <\/strong>para ayudar a las familias que no pueden pagar la cuota de escuelas privadas con una <strong>subvenci\u00f3n del 75% o m\u00e1s y una cuota que no supere los&nbsp;$54.396.<\/strong><\/p>\n\n\n\n<p>La iniciativa fue compartida por el Ministerio de Capital Humano y <strong>aplica tanto para&nbsp;nivel inicial, primario y secundario.<\/strong><\/p>\n\n\n\n<p>Fuentes gubernamentales indicaron que las familias tendr\u00e1n acceso al&nbsp;50% del valor de la cuota de jornada simple, en funci\u00f3n de la cuota base (marzo 2024) para mayo, junio y julio.&nbsp;As\u00ed, <strong>quedan exentas las actividades extraprogram\u00e1ticas.<\/strong><\/p>\n\n\n\n<p>De esta manera, <strong>el voucher tendr\u00e1 un tope de&nbsp;$27.198 por hijo<\/strong>, aseguraron.<\/p>\n\n\n\n<p>Seg\u00fan datos provisorios de la Secretar\u00eda de Educaci\u00f3n, que fue parte de este lanzamiento,<strong> los vouchers educativos podr\u00edan alcanzar a casi&nbsp;2 millones de chicos&nbsp;que asisten a m\u00e1s de 6.000 escuelas en todo el pa\u00eds y<\/strong> cuyos padres tengan un ingreso familiar menor a siete &nbsp;veces del Salario M\u00ednimo Vital y M\u00f3vil (SMVM), que actualmente es de&nbsp;$202.800.<\/p>\n\n\n\n<h4><strong>C\u00f3mo acceder a los vouchers educativos para familias de clase media<\/strong><\/h4>\n\n\n\n<p>Las familias que quieran acceder al beneficio deber\u00e1n completar un formulario disponible en\u00a0argentina.gob.ar, desde el 3 hasta el 30 de abril, donde deber\u00e1n incluir el CBU donde se acreditar\u00e1 el dinero e informar el establecimiento educativo.<\/p>\n\n\n\n<p><strong>Fuente: www.neuquenalinstante.com.ar<\/strong><\/p>\n","protected":false},"excerpt":{"rendered":"<p>El Gobierno lanz\u00f3 el programa de asistencia \u201cVouchers Educativos\u201d para ayudar a las familias que no pueden pagar la cuota de escuelas privadas con una subvenci\u00f3n del 75% o m\u00e1s y una cuota que no supere los&nbsp;$54.396. La iniciativa fue compartida por el Ministerio de Capital Humano y aplica tanto para&nbsp;nivel inicial, primario y secundario. [&hellip;]<\/p>\n","protected":false},"author":5,"featured_media":3650,"comment_status":"open","ping_status":"open","sticky":false,"template":"","format":"standard","meta":[],"categories":[1],"tags":[],"_links":{"self":[{"href":"https:\/\/politicapatagonica.com\/index.php\/wp-json\/wp\/v2\/posts\/3649"}],"collection":[{"href":"https:\/\/politicapatagonica.com\/index.php\/wp-json\/wp\/v2\/posts"}],"about":[{"href":"https:\/\/politicapatagonica.com\/index.php\/wp-json\/wp\/v2\/types\/post"}],"author":[{"embeddable":true,"href":"https:\/\/politicapatagonica.com\/index.php\/wp-json\/wp\/v2\/users\/5"}],"replies":[{"embeddable":true,"href":"https:\/\/politicapatagonica.com\/index.php\/wp-json\/wp\/v2\/comments?post=3649"}],"version-history":[{"count":2,"href":"https:\/\/politicapatagonica.com\/index.php\/wp-json\/wp\/v2\/posts\/3649\/revisions"}],"predecessor-version":[{"id":3663,"href":"https:\/\/politicapatagonica.com\/index.php\/wp-json\/wp\/v2\/posts\/3649\/revisions\/3663"}],"wp:featuredmedia":[{"embeddable":true,"href":"https:\/\/politicapatagonica.com\/index.php\/wp-json\/wp\/v2\/media\/3650"}],"wp:attachment":[{"href":"https:\/\/politicapatagonica.com\/index.php\/wp-json\/wp\/v2\/media?parent=3649"}],"wp:term":[{"taxonomy":"category","embeddable":true,"href":"https:\/\/politicapatagonica.com\/index.php\/wp-json\/wp\/v2\/categories?post=3649"},{"taxonomy":"post_tag","embeddable":true,"href":"https:\/\/politicapatagonica.com\/index.php\/wp-json\/wp\/v2\/tags?post=3649"}],"curies":[{"name":"wp","href":"https:\/\/api.w.org\/{rel}","templated":true}]}}