{"id":3638,"date":"2024-03-20T20:55:57","date_gmt":"2024-03-20T20:55:57","guid":{"rendered":"https:\/\/politicapatagonica.com\/?p=3638"},"modified":"2024-03-21T16:06:27","modified_gmt":"2024-03-21T16:06:27","slug":"gustavo-martinez-ministro-de-produccion-las-areas-de-ypf-tienen-que-pasar-a-la-provincia","status":"publish","type":"post","link":"https:\/\/politicapatagonica.com\/index.php\/2024\/03\/20\/gustavo-martinez-ministro-de-produccion-las-areas-de-ypf-tienen-que-pasar-a-la-provincia\/","title":{"rendered":"Gustavo Mart\u00ednez, ministro de Producci\u00f3n: &#8220;Las \u00e1reas de YPF tienen que pasar a la provincia&#8221;"},"content":{"rendered":"\n<p>El ministro de Producci\u00f3n, Comercio e Industria de Santa Cruz,&nbsp;<strong>Gustavo Mart\u00ednez<\/strong>, particip\u00f3 el lunes \u00faltimo de la reuni\u00f3n patag\u00f3nica que se desarroll\u00f3 en la sede de la&nbsp;<strong>Confederaci\u00f3n Argentina de Medianas Empresas (CAME)<\/strong>,&nbsp;en el que se present\u00f3 la Agencia Patag\u00f3nica de Desarrollo Econ\u00f3mico.<\/p>\n\n\n\n<p>Al respecto de la Agencia, Mart\u00ednez dijo que trabajar\u00e1n \u201cpara generar todo lo que haga falta en busca de poder potenciar los proyectos productivos futuros o potenciar los que ya existen\u201d. &nbsp;<\/p>\n\n\n\n<p>Adem\u00e1s, el funcionario de Santa Cruz remarc\u00f3 a&nbsp;<strong>La Tecla Patagonia<\/strong>&nbsp;el potencial de la Patagonia en producci\u00f3n minera y petrolera, haciendo hincapi\u00e9 en que \u201ctiene que estar articulado con los productores de servicios, con la c\u00e1mara de comercio, con las din\u00e1micas locales y con esta acci\u00f3n patag\u00f3nica para mejorar las asimetr\u00edas\u201d.&nbsp;<\/p>\n\n\n\n<p><strong>La reuni\u00f3n patag\u00f3nica que se desarroll\u00f3 en la sede de la<\/strong>&nbsp;<strong>CAME.&nbsp;<\/strong><\/p>\n\n\n\n<p>Mart\u00ednez valor\u00f3 a Santa Cruz como \u201c<strong>la primera productora de oro y plata de Naci\u00f3n y pr\u00e1cticamente la \u00fanica provincia del pa\u00eds que el&nbsp;87% de la energ\u00eda que produce el territorio es renovable&nbsp;a partir de la instalaci\u00f3n de parques e\u00f3licos<\/strong>\u201d. Tambi\u00e9n habl\u00f3 de&nbsp;la creaci\u00f3n de nuevos proyectos vinculados al&nbsp;hidr\u00f3geno verde&nbsp;y al&nbsp;reordenamiento de la actividad pesquera.&nbsp;&nbsp;<\/p>\n\n\n\n<p>Sobre el retiro de YPF de diez \u00e1reas maduras en la provincia, el ministro opin\u00f3 que \u201cl<strong>a realidad es que las \u00e1reas de YPF tienen que pasar a la provincia<\/strong>&nbsp;y tiene que ser de forma ordenada como se est\u00e1 solicitando, eso va a generar trabajo y desarrollo en la regi\u00f3n a trav\u00e9s de las pymes petroleras\u201d.&nbsp;&nbsp;<\/p>\n\n\n\n<p>Con relaci\u00f3n al potencial de&nbsp;<strong>Palermo Aike<\/strong>, expres\u00f3 que \u201ces muy promisorio y creemos que eso va a ser un desarrollo parecido al de Vaca Muerta, por el cual el gobierno provincial ya ha recibido&nbsp;ofertas tanto de Argentina como del exterior&nbsp;y creemos que se va a poder desarrollar muy bien\u201d. &nbsp;<\/p>\n\n\n\n<p><strong>El ministro de Producci\u00f3n, Gustavo Mart\u00ednez, expone en Casa de Gobierno.&nbsp;<\/strong><\/p>\n\n\n\n<p>&#8220;Se termin\u00f3 la Santa Cruz netamente exportadora de producci\u00f3n primaria,&nbsp;viene una Santa Cruz donde se le d\u00e9 un valor agregado tanto a las industrias que ya est\u00e1n establecidas como a las nuevas que est\u00e1n surgiendo\u201d, asever\u00f3. &nbsp;<\/p>\n\n\n\n<p>Sobre YCRT, Mart\u00ednez dijo que \u201clo m\u00e1s claro es lo que ha dicho Vidal en este tiempo. Nosotros estamos analizando la situaci\u00f3n.&nbsp;El gobernador est\u00e1 al frente de esta problem\u00e1tica, entendemos que es una empresa que afecta la vida de dos localidades, no es un hecho menor ni puede ser tomado como una decisi\u00f3n netamente burocr\u00e1tica o econ\u00f3mica\u201d. &nbsp;<\/p>\n\n\n\n<p>\u201cEl gobierno provincial est\u00e1 planteando en todas las mesas y con todos los actores que corresponden este tema y estamos a la espera de que se vaya resolviendo. Es un tema complejo y&nbsp;lo estamos manejando con suma precauci\u00f3n y con un norte claro que es garantizar el trabajo de nuestra gente\u201d, cerr\u00f3.&nbsp;<\/p>\n\n\n\n<p><strong>Fuente: www.tiemposur.com.ar<\/strong><\/p>\n","protected":false},"excerpt":{"rendered":"<p>El ministro de Producci\u00f3n, Comercio e Industria de Santa Cruz,&nbsp;Gustavo Mart\u00ednez, particip\u00f3 el lunes \u00faltimo de la reuni\u00f3n patag\u00f3nica que se desarroll\u00f3 en la sede de la&nbsp;Confederaci\u00f3n Argentina de Medianas Empresas (CAME),&nbsp;en el que se present\u00f3 la Agencia Patag\u00f3nica de Desarrollo Econ\u00f3mico. Al respecto de la Agencia, Mart\u00ednez dijo que trabajar\u00e1n \u201cpara generar todo lo [&hellip;]<\/p>\n","protected":false},"author":5,"featured_media":3639,"comment_status":"open","ping_status":"open","sticky":false,"template":"","format":"standard","meta":[],"categories":[8],"tags":[],"_links":{"self":[{"href":"https:\/\/politicapatagonica.com\/index.php\/wp-json\/wp\/v2\/posts\/3638"}],"collection":[{"href":"https:\/\/politicapatagonica.com\/index.php\/wp-json\/wp\/v2\/posts"}],"about":[{"href":"https:\/\/politicapatagonica.com\/index.php\/wp-json\/wp\/v2\/types\/post"}],"author":[{"embeddable":true,"href":"https:\/\/politicapatagonica.com\/index.php\/wp-json\/wp\/v2\/users\/5"}],"replies":[{"embeddable":true,"href":"https:\/\/politicapatagonica.com\/index.php\/wp-json\/wp\/v2\/comments?post=3638"}],"version-history":[{"count":2,"href":"https:\/\/politicapatagonica.com\/index.php\/wp-json\/wp\/v2\/posts\/3638\/revisions"}],"predecessor-version":[{"id":3648,"href":"https:\/\/politicapatagonica.com\/index.php\/wp-json\/wp\/v2\/posts\/3638\/revisions\/3648"}],"wp:featuredmedia":[{"embeddable":true,"href":"https:\/\/politicapatagonica.com\/index.php\/wp-json\/wp\/v2\/media\/3639"}],"wp:attachment":[{"href":"https:\/\/politicapatagonica.com\/index.php\/wp-json\/wp\/v2\/media?parent=3638"}],"wp:term":[{"taxonomy":"category","embeddable":true,"href":"https:\/\/politicapatagonica.com\/index.php\/wp-json\/wp\/v2\/categories?post=3638"},{"taxonomy":"post_tag","embeddable":true,"href":"https:\/\/politicapatagonica.com\/index.php\/wp-json\/wp\/v2\/tags?post=3638"}],"curies":[{"name":"wp","href":"https:\/\/api.w.org\/{rel}","templated":true}]}}