{"id":3634,"date":"2024-03-20T20:17:28","date_gmt":"2024-03-20T20:17:28","guid":{"rendered":"https:\/\/politicapatagonica.com\/?p=3634"},"modified":"2024-03-21T16:03:03","modified_gmt":"2024-03-21T16:03:03","slug":"paritarias-en-rio-negro-unter-solicito-el-bono-de-60-000-pesos-a-educacion-a-horas-del-congreso","status":"publish","type":"post","link":"https:\/\/politicapatagonica.com\/index.php\/2024\/03\/20\/paritarias-en-rio-negro-unter-solicito-el-bono-de-60-000-pesos-a-educacion-a-horas-del-congreso\/","title":{"rendered":"Paritarias en R\u00edo Negro: solicitan el bono de $60.000 a Educaci\u00f3n, a horas de tratarse en el Congreso"},"content":{"rendered":"\n<p>Unter pidi\u00f3 que el bono de $60.000 se haga extensivo a los trabajadores de la Educaci\u00f3n, tras el anuncio del gobierno de Weretilneck.<strong>\u00a0A horas del Congreso que definir\u00e1 si acepta o no la propuesta gubernamental<\/strong>, el gremio docente de R\u00edo Negro pidi\u00f3 por esa suma extraordinaria.<\/p>\n\n\n\n<p>En ese sentido, el Consejo Directivo Central del gremio<strong>\u00a0envi\u00f3 a la ministra de Educaci\u00f3n y Derechos Humanos, Patricia Campos,<\/strong>\u00a0el requerimiento de que &#8220;cualquier monto que se pague como paliativo a los estatales de R\u00edo Negro&#8221;, tambi\u00e9n se haga extensivo al sector docente.<\/p>\n\n\n\n<p>Hace unos d\u00edas atr\u00e1s,&nbsp;<strong>el gobierno provincial atendi\u00f3 las demandas de ATE y UPCN con el pago de un bono de car\u00e1cter excepcional de $60.000&nbsp;<\/strong>por agente, por planilla complementaria el pr\u00f3ximo 27 de marzo.<\/p>\n\n\n\n<p>&#8220;El contexto nacional y provincial que atravesamos los trabajadores en general, y los de la educaci\u00f3n en particular, en el que la inflaci\u00f3n carcome nuestros salarios, justifica la solicitud de ser incluidos en el pago de esa compensaci\u00f3n. M\u00e1xime\u00a0<strong>teniendo en cuenta que la \u00faltima propuesta salarial, pr\u00f3xima a considerarse por los \u00f3rganos de nuestra organizaci\u00f3n, reci\u00e9n se cobrar\u00eda a principios del mes de abril<\/strong>, lo que nos dejar\u00eda sin ning\u00fan tipo de recomposici\u00f3n durante el mes en curso&#8221;.<\/p>\n\n\n\n<p><strong>En la nota enviada a la ministra Campos, Unter tambi\u00e9n demand\u00f3 que \u00abel Ministerio de Educaci\u00f3n y Derechos Humanos d\u00e9 muestras de que realmente est\u00e1 abierto al di\u00e1logo<\/strong>&nbsp;y a la b\u00fasqueda de consensos que promuevan el bienestar de los trabajadores. Que no sea s\u00f3lo una frase que sostienen paritaria tras paritaria, y la lleven a la pr\u00e1ctica efectivizando de manera equitativa cualquier definici\u00f3n que signifique una redistribuci\u00f3n presupuestaria para los trabajadores del Estado\u00bb.<\/p>\n\n\n\n<p>El pedido surge&nbsp;<strong>a horas de tratarse en el Congreso de Unter,<\/strong>&nbsp;programado para ma\u00f1ana jueves en la seccional Valle Medio, que analizar\u00e1 la propuesta gubernamental que fue ofrecida durante la \u00faltima paritaria.<\/p>\n\n\n\n<p><strong>Fuente: www.rionegro.com.ar<\/strong><\/p>\n\n\n\n<p><\/p>\n","protected":false},"excerpt":{"rendered":"<p>Unter pidi\u00f3 que el bono de $60.000 se haga extensivo a los trabajadores de la Educaci\u00f3n, tras el anuncio del gobierno de Weretilneck.\u00a0A horas del Congreso que definir\u00e1 si acepta o no la propuesta gubernamental, el gremio docente de R\u00edo Negro pidi\u00f3 por esa suma extraordinaria. En ese sentido, el Consejo Directivo Central del gremio\u00a0envi\u00f3 [&hellip;]<\/p>\n","protected":false},"author":5,"featured_media":3636,"comment_status":"open","ping_status":"open","sticky":false,"template":"","format":"standard","meta":[],"categories":[1],"tags":[],"_links":{"self":[{"href":"https:\/\/politicapatagonica.com\/index.php\/wp-json\/wp\/v2\/posts\/3634"}],"collection":[{"href":"https:\/\/politicapatagonica.com\/index.php\/wp-json\/wp\/v2\/posts"}],"about":[{"href":"https:\/\/politicapatagonica.com\/index.php\/wp-json\/wp\/v2\/types\/post"}],"author":[{"embeddable":true,"href":"https:\/\/politicapatagonica.com\/index.php\/wp-json\/wp\/v2\/users\/5"}],"replies":[{"embeddable":true,"href":"https:\/\/politicapatagonica.com\/index.php\/wp-json\/wp\/v2\/comments?post=3634"}],"version-history":[{"count":3,"href":"https:\/\/politicapatagonica.com\/index.php\/wp-json\/wp\/v2\/posts\/3634\/revisions"}],"predecessor-version":[{"id":3647,"href":"https:\/\/politicapatagonica.com\/index.php\/wp-json\/wp\/v2\/posts\/3634\/revisions\/3647"}],"wp:featuredmedia":[{"embeddable":true,"href":"https:\/\/politicapatagonica.com\/index.php\/wp-json\/wp\/v2\/media\/3636"}],"wp:attachment":[{"href":"https:\/\/politicapatagonica.com\/index.php\/wp-json\/wp\/v2\/media?parent=3634"}],"wp:term":[{"taxonomy":"category","embeddable":true,"href":"https:\/\/politicapatagonica.com\/index.php\/wp-json\/wp\/v2\/categories?post=3634"},{"taxonomy":"post_tag","embeddable":true,"href":"https:\/\/politicapatagonica.com\/index.php\/wp-json\/wp\/v2\/tags?post=3634"}],"curies":[{"name":"wp","href":"https:\/\/api.w.org\/{rel}","templated":true}]}}