{"id":3630,"date":"2024-03-19T23:02:15","date_gmt":"2024-03-19T23:02:15","guid":{"rendered":"https:\/\/politicapatagonica.com\/?p=3630"},"modified":"2024-03-21T15:57:45","modified_gmt":"2024-03-21T15:57:45","slug":"torres-anuncio-el-comienzo-de-la-auditoria-contable-a-la-cooperativa-de-trelew","status":"publish","type":"post","link":"https:\/\/politicapatagonica.com\/index.php\/2024\/03\/19\/torres-anuncio-el-comienzo-de-la-auditoria-contable-a-la-cooperativa-de-trelew\/","title":{"rendered":"El gobernador Torres anunci\u00f3 el comienzo de la auditor\u00eda contable a la Cooperativa de Trelew"},"content":{"rendered":"\n<p>En consonancia con lo anunciado durante los primeros d\u00edas de gesti\u00f3n, el gobernador del Chubut, Ignacio \u201cNacho\u201d Torres, ratific\u00f3 que <strong>se realizar\u00e1 una exhaustiva auditor\u00eda contable a la Cooperativa El\u00e9ctrica, de Consumo y Vivienda Limitada de Trelew<\/strong>, destacando asimismo el \u201clargo historial de irregularidades y demoras\u201d en el env\u00edo de la documentaci\u00f3n correspondiente por parte de dicha compa\u00f1\u00eda de servicio el\u00e9ctrico.<\/p>\n\n\n\n<p>En tal sentido, y de acuerdo a lo anticipado por el mandatario, este proceso iniciado con la prestataria del servicio el\u00e9ctrico en la ciudad valletana est\u00e1 siendo replicado tambi\u00e9n en otras entidades de toda la provincia, a fin de esclarecer, administrativa e institucionalmente, <strong>si se produjeron incumplimientos en materia de presentaci\u00f3n de balances y contabilidad<\/strong>.<\/p>\n\n\n\n<p>Por instrucciones del gobernador Torres, la Cooperativa 16 de Octubre de Esquel fue la primera entidad en ser alcanzada por esta medida, en virtud de las <strong>serias irregularidades detectadas en la mutual Aonikenk<\/strong> que \u201cutiliz\u00f3 la plata de la entidad para desviar fondos\u201d, seg\u00fan precis\u00f3 el mandatario provincial.<\/p>\n\n\n\n<p>\u201cNo puede ser que en una provincia tan rica como la nuestra sigamos teniendo pueblos aislados energ\u00e9ticamente, pagando tres, cuatro, cinco veces m\u00e1s por la energ\u00eda que en otras regiones del pa\u00eds\u201d, expres\u00f3 en su momento el gobernador de Chubut, a\u00f1adiendo que \u201clas tarifas deber\u00edan ser t\u00e9cnicas, no pol\u00edticas\u201d.<br>\u00a0<br>\u201cEstamos auditando todas las cooperativas de la provincia, tal como lo dijimos en campa\u00f1a y lo ratificamos desde el d\u00eda uno, porque si bien hay algunas cooperativas que funcionan bien, hay otras que funcionan mal, y las que funcionan mal van a tener que empezar a funcionar bien s\u00ed o s\u00ed&#8221;, asegur\u00f3 Torres.<\/p>\n\n\n\n<p><strong>Fuente: www.elchubut.com.ar<\/strong><\/p>\n","protected":false},"excerpt":{"rendered":"<p>En consonancia con lo anunciado durante los primeros d\u00edas de gesti\u00f3n, el gobernador del Chubut, Ignacio \u201cNacho\u201d Torres, ratific\u00f3 que se realizar\u00e1 una exhaustiva auditor\u00eda contable a la Cooperativa El\u00e9ctrica, de Consumo y Vivienda Limitada de Trelew, destacando asimismo el \u201clargo historial de irregularidades y demoras\u201d en el env\u00edo de la documentaci\u00f3n correspondiente por parte [&hellip;]<\/p>\n","protected":false},"author":5,"featured_media":3631,"comment_status":"open","ping_status":"open","sticky":false,"template":"","format":"standard","meta":[],"categories":[14],"tags":[],"_links":{"self":[{"href":"https:\/\/politicapatagonica.com\/index.php\/wp-json\/wp\/v2\/posts\/3630"}],"collection":[{"href":"https:\/\/politicapatagonica.com\/index.php\/wp-json\/wp\/v2\/posts"}],"about":[{"href":"https:\/\/politicapatagonica.com\/index.php\/wp-json\/wp\/v2\/types\/post"}],"author":[{"embeddable":true,"href":"https:\/\/politicapatagonica.com\/index.php\/wp-json\/wp\/v2\/users\/5"}],"replies":[{"embeddable":true,"href":"https:\/\/politicapatagonica.com\/index.php\/wp-json\/wp\/v2\/comments?post=3630"}],"version-history":[{"count":2,"href":"https:\/\/politicapatagonica.com\/index.php\/wp-json\/wp\/v2\/posts\/3630\/revisions"}],"predecessor-version":[{"id":3643,"href":"https:\/\/politicapatagonica.com\/index.php\/wp-json\/wp\/v2\/posts\/3630\/revisions\/3643"}],"wp:featuredmedia":[{"embeddable":true,"href":"https:\/\/politicapatagonica.com\/index.php\/wp-json\/wp\/v2\/media\/3631"}],"wp:attachment":[{"href":"https:\/\/politicapatagonica.com\/index.php\/wp-json\/wp\/v2\/media?parent=3630"}],"wp:term":[{"taxonomy":"category","embeddable":true,"href":"https:\/\/politicapatagonica.com\/index.php\/wp-json\/wp\/v2\/categories?post=3630"},{"taxonomy":"post_tag","embeddable":true,"href":"https:\/\/politicapatagonica.com\/index.php\/wp-json\/wp\/v2\/tags?post=3630"}],"curies":[{"name":"wp","href":"https:\/\/api.w.org\/{rel}","templated":true}]}}