{"id":3614,"date":"2024-03-18T22:00:15","date_gmt":"2024-03-18T22:00:15","guid":{"rendered":"https:\/\/politicapatagonica.com\/?p=3614"},"modified":"2024-03-19T21:30:54","modified_gmt":"2024-03-19T21:30:54","slug":"tierra-del-fuego-participo-de-encuentro-sobre-economias-regionales","status":"publish","type":"post","link":"https:\/\/politicapatagonica.com\/index.php\/2024\/03\/18\/tierra-del-fuego-participo-de-encuentro-sobre-economias-regionales\/","title":{"rendered":"Tierra del Fuego particip\u00f3 de un encuentro sobre econom\u00edas regionales que se realiz\u00f3 en C\u00f3rdoba"},"content":{"rendered":"\n<p><br><strong>La ciudad de C\u00f3rdoba fue sede del primer Encuentro de Econom\u00eda Regional<\/strong> del que participaron el ministro de Gesti\u00f3n P\u00fablica de la Provincia de C\u00f3rdoba, Guillermo Acosta; el ministro de Industria de Catamarca, Sebasti\u00e1n Caria; el ministro de Trabajo de La Rioja, Federico Baz\u00e1n; y el ministro de Econom\u00eda de Tierra del Fuego, Francisco De Vita.<\/p>\n\n\n\n<p><strong>La reuni\u00f3n sirvi\u00f3 para analizar la situaci\u00f3n financiera, fiscal y productiva de la regi\u00f3n<\/strong>, con el objetivo de encontrar alternativas viables que impulsen el crecimiento econ\u00f3mico y beneficien a las comunidades locales.<\/p>\n\n\n\n<p>El ministro de Econom\u00eda fueguino enfatiz\u00f3 <strong>la importancia del trabajo colaborativo en el actual contexto econ\u00f3mico<\/strong>. \u201cTenemos por delante un sendero de trabajo que nos permita sostener las l\u00edneas de acci\u00f3n de cada provincia, as\u00ed como dise\u00f1ar programas que posibiliten ejecutar obra p\u00fablica, mejorar la producci\u00f3n y competitividad, apalancar la transformaci\u00f3n digital y la econom\u00eda circular, y generar lazos que permitan desarrollar herramientas conjuntas para el desarrollo de las econom\u00edas regionales\u201d, indic\u00f3 de Vita.<\/p>\n\n\n\n<p>La reuni\u00f3n no solo constituy\u00f3 un espacio para el intercambio de ideas, sino tambi\u00e9n una plataforma para la coordinaci\u00f3n de <strong>acciones concretas que impulsen el progreso econ\u00f3mico a nivel regional.<\/strong> En un momento en el que la colaboraci\u00f3n y la cooperaci\u00f3n son esenciales, este encuentro marca un paso significativo hacia un futuro m\u00e1s pr\u00f3spero y equitativo para todas las provincias argentinas.<\/p>\n\n\n\n<p><strong>Fuente: www.eldiariodelfindelmundo.com<\/strong><\/p>\n","protected":false},"excerpt":{"rendered":"<p>La ciudad de C\u00f3rdoba fue sede del primer Encuentro de Econom\u00eda Regional del que participaron el ministro de Gesti\u00f3n P\u00fablica de la Provincia de C\u00f3rdoba, Guillermo Acosta; el ministro de Industria de Catamarca, Sebasti\u00e1n Caria; el ministro de Trabajo de La Rioja, Federico Baz\u00e1n; y el ministro de Econom\u00eda de Tierra del Fuego, Francisco De [&hellip;]<\/p>\n","protected":false},"author":5,"featured_media":3615,"comment_status":"open","ping_status":"open","sticky":false,"template":"","format":"standard","meta":[],"categories":[11],"tags":[],"_links":{"self":[{"href":"https:\/\/politicapatagonica.com\/index.php\/wp-json\/wp\/v2\/posts\/3614"}],"collection":[{"href":"https:\/\/politicapatagonica.com\/index.php\/wp-json\/wp\/v2\/posts"}],"about":[{"href":"https:\/\/politicapatagonica.com\/index.php\/wp-json\/wp\/v2\/types\/post"}],"author":[{"embeddable":true,"href":"https:\/\/politicapatagonica.com\/index.php\/wp-json\/wp\/v2\/users\/5"}],"replies":[{"embeddable":true,"href":"https:\/\/politicapatagonica.com\/index.php\/wp-json\/wp\/v2\/comments?post=3614"}],"version-history":[{"count":3,"href":"https:\/\/politicapatagonica.com\/index.php\/wp-json\/wp\/v2\/posts\/3614\/revisions"}],"predecessor-version":[{"id":3626,"href":"https:\/\/politicapatagonica.com\/index.php\/wp-json\/wp\/v2\/posts\/3614\/revisions\/3626"}],"wp:featuredmedia":[{"embeddable":true,"href":"https:\/\/politicapatagonica.com\/index.php\/wp-json\/wp\/v2\/media\/3615"}],"wp:attachment":[{"href":"https:\/\/politicapatagonica.com\/index.php\/wp-json\/wp\/v2\/media?parent=3614"}],"wp:term":[{"taxonomy":"category","embeddable":true,"href":"https:\/\/politicapatagonica.com\/index.php\/wp-json\/wp\/v2\/categories?post=3614"},{"taxonomy":"post_tag","embeddable":true,"href":"https:\/\/politicapatagonica.com\/index.php\/wp-json\/wp\/v2\/tags?post=3614"}],"curies":[{"name":"wp","href":"https:\/\/api.w.org\/{rel}","templated":true}]}}