{"id":3611,"date":"2024-03-18T20:25:46","date_gmt":"2024-03-18T20:25:46","guid":{"rendered":"https:\/\/politicapatagonica.com\/?p=3611"},"modified":"2024-03-19T21:27:52","modified_gmt":"2024-03-19T21:27:52","slug":"el-gobierno-de-la-pampa-repudio-las-amenazas-a-una-legisladora-nacional","status":"publish","type":"post","link":"https:\/\/politicapatagonica.com\/index.php\/2024\/03\/18\/el-gobierno-de-la-pampa-repudio-las-amenazas-a-una-legisladora-nacional\/","title":{"rendered":"El Gobierno de La Pampa repudi\u00f3 las amenazas a una legisladora nacional por Chubut"},"content":{"rendered":"\n<p>Esta semana se conoci\u00f3 que <strong>la senadora nacional por la provincia de Chubut, Edith Terenzi<\/strong>, fue<strong> amenazada de muerte <\/strong>por su postura a la hora de votar contra el Decreto de Necesidad y Urgencia 70\/23 en la C\u00e1mara Alta.<\/p>\n\n\n\n<p>Al respecto, la titular de la subsecretar\u00eda de<strong> DDHH provincial, Paula Grotto<\/strong>, destac\u00f3 que <strong>&#8220;la violencia pol\u00edtica no puede convertirse en una pr\u00e1ctica normalizada, porque eso alienta a llevar la violencia a los hechos. Los antecedentes inmediatos de atentados a figuras p\u00fablicas son un lamentable ejemplo&#8221;.<\/strong><\/p>\n\n\n\n<p>&#8220;Desde <strong>el Gobierno de La Pampa defendemos el respeto <\/strong>y la pluralidad de voces y sostenemos los valores democr\u00e1ticos como pr\u00e1ctica de una sociedad m\u00e1s justa&#8221;, concluy\u00f3.<\/p>\n\n\n\n<p><strong>Fuente: www.eldiariodelapampa.com.ar<\/strong><\/p>\n","protected":false},"excerpt":{"rendered":"<p>Esta semana se conoci\u00f3 que la senadora nacional por la provincia de Chubut, Edith Terenzi, fue amenazada de muerte por su postura a la hora de votar contra el Decreto de Necesidad y Urgencia 70\/23 en la C\u00e1mara Alta. Al respecto, la titular de la subsecretar\u00eda de DDHH provincial, Paula Grotto, destac\u00f3 que &#8220;la violencia [&hellip;]<\/p>\n","protected":false},"author":5,"featured_media":3612,"comment_status":"open","ping_status":"open","sticky":false,"template":"","format":"standard","meta":[],"categories":[10],"tags":[],"_links":{"self":[{"href":"https:\/\/politicapatagonica.com\/index.php\/wp-json\/wp\/v2\/posts\/3611"}],"collection":[{"href":"https:\/\/politicapatagonica.com\/index.php\/wp-json\/wp\/v2\/posts"}],"about":[{"href":"https:\/\/politicapatagonica.com\/index.php\/wp-json\/wp\/v2\/types\/post"}],"author":[{"embeddable":true,"href":"https:\/\/politicapatagonica.com\/index.php\/wp-json\/wp\/v2\/users\/5"}],"replies":[{"embeddable":true,"href":"https:\/\/politicapatagonica.com\/index.php\/wp-json\/wp\/v2\/comments?post=3611"}],"version-history":[{"count":2,"href":"https:\/\/politicapatagonica.com\/index.php\/wp-json\/wp\/v2\/posts\/3611\/revisions"}],"predecessor-version":[{"id":3623,"href":"https:\/\/politicapatagonica.com\/index.php\/wp-json\/wp\/v2\/posts\/3611\/revisions\/3623"}],"wp:featuredmedia":[{"embeddable":true,"href":"https:\/\/politicapatagonica.com\/index.php\/wp-json\/wp\/v2\/media\/3612"}],"wp:attachment":[{"href":"https:\/\/politicapatagonica.com\/index.php\/wp-json\/wp\/v2\/media?parent=3611"}],"wp:term":[{"taxonomy":"category","embeddable":true,"href":"https:\/\/politicapatagonica.com\/index.php\/wp-json\/wp\/v2\/categories?post=3611"},{"taxonomy":"post_tag","embeddable":true,"href":"https:\/\/politicapatagonica.com\/index.php\/wp-json\/wp\/v2\/tags?post=3611"}],"curies":[{"name":"wp","href":"https:\/\/api.w.org\/{rel}","templated":true}]}}