{"id":3608,"date":"2024-03-15T22:05:28","date_gmt":"2024-03-15T22:05:28","guid":{"rendered":"https:\/\/politicapatagonica.com\/?p=3608"},"modified":"2024-03-19T21:23:34","modified_gmt":"2024-03-19T21:23:34","slug":"concejal-de-trelew-advirtio-que-el-80-de-lo-que-ingresa-a-la-cooperativa-electrica-se-gasta-en-sueldos","status":"publish","type":"post","link":"https:\/\/politicapatagonica.com\/index.php\/2024\/03\/15\/concejal-de-trelew-advirtio-que-el-80-de-lo-que-ingresa-a-la-cooperativa-electrica-se-gasta-en-sueldos\/","title":{"rendered":"Concejal de Trelew advirti\u00f3 que el 80% de lo que ingresa a la Cooperativa El\u00e9ctrica se gasta en sueldos"},"content":{"rendered":"\n<p>El concejal de Trelew, Mart\u00edn Luna, dialog\u00f3 con Invencibles por FM El Chubut sobre los pr\u00f3ximos aumentos de las tarifas de luz y los\u00a0problemas que enfrenta la Cooperativa El\u00e9ctrica de Trelew, en un contexto en el que recientemente se anunci\u00f3 <strong>un aumento de la energ\u00eda por parte del Gobierno nacional que afectar\u00e1 a todas las distribuidoras del pa\u00eds<\/strong>, las cuales estar\u00e1n obligadas a aplicarlo. <strong>El aumento\u00a0que se estima, ronda el 90% para los usuarios residenciales.<\/strong>\u00a0<\/p>\n\n\n\n<p>Sobre el aumento tarifario, expres\u00f3 que seguro sea algo a discutir pr\u00f3ximamente, aunque asegur\u00f3 que no est\u00e1 previsto tratarlo en la sesi\u00f3n ordinaria del 21 de marzo.<\/p>\n\n\n\n<p>Por otra parte, Luna se refiri\u00f3 al d\u00e9ficit que mantiene la Cooperativa El\u00e9ctrica de Trelew y se lo atribuy\u00f3 a que <strong>el \u201c80,17% de los ingresos que tiene la cooperativa es para pagar sueldos\u201d.<\/strong><\/p>\n\n\n\n<p>\u201cSi me pongo a comparar el sueldo de un empleado de comercio que f\u00edsica y ps\u00edquicamente hace el mismo trabajo que un empleado de la cooperativa, tengo un abismo enorme entre un sueldo y otro\u201d, expres\u00f3 el concejal.<\/p>\n\n\n\n<p>Con respecto al gran porcentaje que se lleva pagar los sueldos, el concejal describi\u00f3 que <strong>el convenio colectivo de los trabajadores de este sector, cuenta con varios beneficios<\/strong>: &#8220;m\u00e1s all\u00e1 del bono por eficiencia si vos ten\u00e9s un hijo estudiando, son cinco salarios m\u00e1s, o si hacer un curso interno, ten\u00e9s un 10% m\u00e1s de ingresos\u201d.<\/p>\n\n\n\n<p>El edil inst\u00f3 a ser objetivos \u201cen donde se nos est\u00e1 yendo la mayor cantidad de dinero y donde se est\u00e1 produciendo el impacto en los vecinos\u201d.<\/p>\n\n\n\n<p>En este sentido, expres\u00f3 que el problema reside en el convenio colectivo y desestim\u00f3 que el d\u00e9ficit lo produzcan los \u201cenganches\u201d o conexiones clandestinas a la red de energ\u00eda.<\/p>\n\n\n\n<p><strong>Fuente: www.elchubut.com.ar<\/strong><\/p>\n","protected":false},"excerpt":{"rendered":"<p>El concejal de Trelew, Mart\u00edn Luna, dialog\u00f3 con Invencibles por FM El Chubut sobre los pr\u00f3ximos aumentos de las tarifas de luz y los\u00a0problemas que enfrenta la Cooperativa El\u00e9ctrica de Trelew, en un contexto en el que recientemente se anunci\u00f3 un aumento de la energ\u00eda por parte del Gobierno nacional que afectar\u00e1 a todas las [&hellip;]<\/p>\n","protected":false},"author":5,"featured_media":3609,"comment_status":"open","ping_status":"open","sticky":false,"template":"","format":"standard","meta":[],"categories":[14],"tags":[],"_links":{"self":[{"href":"https:\/\/politicapatagonica.com\/index.php\/wp-json\/wp\/v2\/posts\/3608"}],"collection":[{"href":"https:\/\/politicapatagonica.com\/index.php\/wp-json\/wp\/v2\/posts"}],"about":[{"href":"https:\/\/politicapatagonica.com\/index.php\/wp-json\/wp\/v2\/types\/post"}],"author":[{"embeddable":true,"href":"https:\/\/politicapatagonica.com\/index.php\/wp-json\/wp\/v2\/users\/5"}],"replies":[{"embeddable":true,"href":"https:\/\/politicapatagonica.com\/index.php\/wp-json\/wp\/v2\/comments?post=3608"}],"version-history":[{"count":2,"href":"https:\/\/politicapatagonica.com\/index.php\/wp-json\/wp\/v2\/posts\/3608\/revisions"}],"predecessor-version":[{"id":3622,"href":"https:\/\/politicapatagonica.com\/index.php\/wp-json\/wp\/v2\/posts\/3608\/revisions\/3622"}],"wp:featuredmedia":[{"embeddable":true,"href":"https:\/\/politicapatagonica.com\/index.php\/wp-json\/wp\/v2\/media\/3609"}],"wp:attachment":[{"href":"https:\/\/politicapatagonica.com\/index.php\/wp-json\/wp\/v2\/media?parent=3608"}],"wp:term":[{"taxonomy":"category","embeddable":true,"href":"https:\/\/politicapatagonica.com\/index.php\/wp-json\/wp\/v2\/categories?post=3608"},{"taxonomy":"post_tag","embeddable":true,"href":"https:\/\/politicapatagonica.com\/index.php\/wp-json\/wp\/v2\/tags?post=3608"}],"curies":[{"name":"wp","href":"https:\/\/api.w.org\/{rel}","templated":true}]}}