{"id":3598,"date":"2024-03-15T20:09:52","date_gmt":"2024-03-15T20:09:52","guid":{"rendered":"https:\/\/politicapatagonica.com\/?p=3598"},"modified":"2024-03-15T21:00:04","modified_gmt":"2024-03-15T21:00:04","slug":"rio-negro-alberto-weretilneck-fija-el-piso-salarial-de-los-estatales-en-500-mil","status":"publish","type":"post","link":"https:\/\/politicapatagonica.com\/index.php\/2024\/03\/15\/rio-negro-alberto-weretilneck-fija-el-piso-salarial-de-los-estatales-en-500-mil\/","title":{"rendered":"R\u00edo Negro: Weretilneck fija el piso salarial de los estatales en $500 mil y se enojan los docentes"},"content":{"rendered":"\n<p>El gobierno de&nbsp;<strong>R\u00edo Negro<\/strong>&nbsp;retom\u00f3 las paritarias con&nbsp;<strong>ATE<\/strong>,&nbsp;<strong>UPCN&nbsp;<\/strong>y&nbsp;<strong>Unter&nbsp;<\/strong>con el anuncio de un aumento para garantizar que&nbsp;<strong>todos los empleados p\u00fablicos de R\u00edo Negro estar\u00e1n por encima de $500.000<\/strong>. En algunos sectores, la decisi\u00f3n representa un gran aumento, mientras que en otros se requiere el bono que ya fue rechazado.<\/p>\n\n\n\n<p>Seg\u00fan inform\u00f3 el gobierno provincial, el mandatario&nbsp;<strong>Alberto Weretilneck<\/strong>&nbsp;determin\u00f3 llevar<strong> los salarios de todos los empleados por encima del medio mill\u00f3n de pesos para contrarrestar el efecto de la inflaci\u00f3n desde noviembre del 2023, cuando se otorg\u00f3 el \u00faltimo aumento salarial al b\u00e1sico. A partir de all\u00ed se aplicaron sumas fijas.<\/strong><\/p>\n\n\n\n<p>En Salud, seg\u00fan se detall\u00f3 desde el\u00a0<strong>Poder Ejecutivo<\/strong>, habr\u00e1 un notable <strong>incremento en el pago de las guardias, con un aumento del 100%.<\/strong><\/p>\n\n\n\n<p>Se otorgar\u00e1n aumentos de entre<strong>&nbsp;100 mil y 140 mil pesos<\/strong>, de acuerdo a la antig\u00fcedad y categor\u00eda, y se blanquear\u00e1 como suma remunerativa una parte del aumento otorgado en el \u00faltimo trimestre del a\u00f1o pasado.<\/p>\n\n\n\n<p>Adem\u00e1s, se incrementar\u00e1n las distintas ayudas y asignaciones actuales: asignaci\u00f3n por hijo y prenatal $12.000; por nacimiento $21.160; por matrimonio $31.744; por adopci\u00f3n $126.960; y por hijo con discapacidad $48.000. La Ayuda escolar ser\u00e1 de $20.000 y con hijo con discapacidad $40.000.<\/p>\n\n\n\n<p>La decisi\u00f3n fue informada este viernes a los gremios durante las reuniones paritarias que se realizaban en Viedma, con ATE y UPCN en el Consejo de la Funci\u00f3n P\u00fablica y entre&nbsp;<strong>Educaci\u00f3n&nbsp;<\/strong>y Unter en la secretar\u00eda de Trabajo.<\/p>\n\n\n\n<p>Para algunos sectores de la administraci\u00f3n p\u00fablica, <strong>llevar el salario m\u00ednimo a los $500.000 equivale a aplicar el bono que fue propuesto en febrero y rechazado por todos los sindicatos. En caso de ser la \u00fanica propuesta de incremento, podr\u00eda mantenerse la tensi\u00f3n entre el Gobierno y los sindicatos.<\/strong><\/p>\n\n\n\n<p>La primera reacci\u00f3n a la propuesta fue muy negativa. El gremio Unter cuestion\u00f3 el anuncio del Gobierno, que se realiz\u00f3 antes de que terminase la reuni\u00f3n. &#8220;No es la primera vez que el \u00e1rea de Comunicaci\u00f3n del gobierno provincial incurre en este accionar, y resuelve divulgar anticipadamente la oferta por los canales oficiales, cuando se est\u00e1n realizando los debates propios de esta instancia y<strong>&nbsp;lejos est\u00e1 la propuesta difundida de ser la definitiva<\/strong>&#8220;.<\/p>\n\n\n\n<p>Desde el gremio afirmaron que la situaci\u00f3n &#8220;genera gran malestar y falsas expectativas en los compa\u00f1eros&#8221;.<\/p>\n\n\n\n<p>Para la Unter, el Gobierno &#8220;desacredita de este modo el \u00e1mbito de negociaci\u00f3n paritaria que se encuentra en pleno desarrollo, un derecho de los trabajadores de la educaci\u00f3n de R\u00edo Negro&#8221;.<\/p>\n\n\n\n<h2>El bono no convence a los estatales<\/h2>\n\n\n\n<p>Esta semana se puso en marcha el ciclo lectivo 2024 con paro de los docentes (lunes y martes), y del gremio ATE (lunes).<strong> Los maestros ya tienen definidas otras 48 horas de huelga si la paritaria no abre un nuevo camino de negociaci\u00f3n<\/strong>. La Unter rechaza el bono como aumento salarial.<\/p>\n\n\n\n<p>En el caso de Educaci\u00f3n, el Gobierno Provincial seguir\u00e1 afrontando con fondos propios el pago del FONID y Conectividad a los docentes para evitar una ca\u00edda nominal en los salarios, luego que el presidente Javier Milei decidiera eliminarlos por completo del salario de los maestros.<\/p>\n\n\n\n<p>En el caso del Ministerio de Salud, las guardias se incrementar\u00e1n un 100%, al igual que las guardias de Desarrollo Humano y la SENAF.<\/p>\n\n\n\n<p><strong>Respecto del personal de Polic\u00eda de R\u00edo Negro, tambi\u00e9n aumentar\u00e1 el valor del punto policial, de $1.117 a $1.465 y ning\u00fan empleado ganar\u00e1 menos de $500.000. Adem\u00e1s, las becas para los cadetes y aspirantes a agente pasar\u00e1n de $16.275 a $81.206.<\/strong><\/p>\n\n\n\n<p>Tras las reuniones paritarias, los sindicatos estatales activar\u00e1n sus mecanismos internos para definir su postura ante la nueva propuesta salarial que efectu\u00f3 el gobierno nacional.<\/p>\n\n\n\n<p><strong>Fuente: lmneuquen.com<\/strong><\/p>\n","protected":false},"excerpt":{"rendered":"<p>El gobierno de&nbsp;R\u00edo Negro&nbsp;retom\u00f3 las paritarias con&nbsp;ATE,&nbsp;UPCN&nbsp;y&nbsp;Unter&nbsp;con el anuncio de un aumento para garantizar que&nbsp;todos los empleados p\u00fablicos de R\u00edo Negro estar\u00e1n por encima de $500.000. En algunos sectores, la decisi\u00f3n representa un gran aumento, mientras que en otros se requiere el bono que ya fue rechazado. Seg\u00fan inform\u00f3 el gobierno provincial, el mandatario&nbsp;Alberto Weretilneck&nbsp;determin\u00f3 [&hellip;]<\/p>\n","protected":false},"author":5,"featured_media":3599,"comment_status":"open","ping_status":"open","sticky":false,"template":"","format":"standard","meta":[],"categories":[13],"tags":[],"_links":{"self":[{"href":"https:\/\/politicapatagonica.com\/index.php\/wp-json\/wp\/v2\/posts\/3598"}],"collection":[{"href":"https:\/\/politicapatagonica.com\/index.php\/wp-json\/wp\/v2\/posts"}],"about":[{"href":"https:\/\/politicapatagonica.com\/index.php\/wp-json\/wp\/v2\/types\/post"}],"author":[{"embeddable":true,"href":"https:\/\/politicapatagonica.com\/index.php\/wp-json\/wp\/v2\/users\/5"}],"replies":[{"embeddable":true,"href":"https:\/\/politicapatagonica.com\/index.php\/wp-json\/wp\/v2\/comments?post=3598"}],"version-history":[{"count":4,"href":"https:\/\/politicapatagonica.com\/index.php\/wp-json\/wp\/v2\/posts\/3598\/revisions"}],"predecessor-version":[{"id":3607,"href":"https:\/\/politicapatagonica.com\/index.php\/wp-json\/wp\/v2\/posts\/3598\/revisions\/3607"}],"wp:featuredmedia":[{"embeddable":true,"href":"https:\/\/politicapatagonica.com\/index.php\/wp-json\/wp\/v2\/media\/3599"}],"wp:attachment":[{"href":"https:\/\/politicapatagonica.com\/index.php\/wp-json\/wp\/v2\/media?parent=3598"}],"wp:term":[{"taxonomy":"category","embeddable":true,"href":"https:\/\/politicapatagonica.com\/index.php\/wp-json\/wp\/v2\/categories?post=3598"},{"taxonomy":"post_tag","embeddable":true,"href":"https:\/\/politicapatagonica.com\/index.php\/wp-json\/wp\/v2\/tags?post=3598"}],"curies":[{"name":"wp","href":"https:\/\/api.w.org\/{rel}","templated":true}]}}