{"id":3595,"date":"2024-03-14T22:56:03","date_gmt":"2024-03-14T22:56:03","guid":{"rendered":"https:\/\/politicapatagonica.com\/?p=3595"},"modified":"2024-03-15T20:54:48","modified_gmt":"2024-03-15T20:54:48","slug":"el-gobierno-realizo-una-nueva-propuesta-salarial-a-los-docentes-y-hay-un-avance-significativo","status":"publish","type":"post","link":"https:\/\/politicapatagonica.com\/index.php\/2024\/03\/14\/el-gobierno-realizo-una-nueva-propuesta-salarial-a-los-docentes-y-hay-un-avance-significativo\/","title":{"rendered":"Con la nueva propuesta salarial de Neuqu\u00e9n a los docentes hay \u201cun avance significativo\u201d"},"content":{"rendered":"\n<p><strong>\u201cHemos tenido avances significativos en relaci\u00f3n a la mesa salarial anterior\u201d, manifest\u00f3 el secretario general de ATEN, Marcelo Guagliardo, al salir de una nueva reuni\u00f3n con los representantes del Ejecutivo provincial que se extendi\u00f3 por m\u00e1s de siete horas<\/strong>.&nbsp;Este jueves se realizar\u00e1n las asambleas&nbsp;<strong>docentes&nbsp;<\/strong>para debatir la propuesta.<\/p>\n\n\n\n<p>La propuesta a los docentes&nbsp;contempla el IPC \u2013sin el mes de enero 2024-; $225 mil pesos en bonos; incremento en los \u00edtems de antig\u00fcedad y conectividad; y un aumento de 10 mil pesos en el adicional remunerativo (Art 5, decreto 335\/16)<strong>. El gobierno tambi\u00e9n ofreci\u00f3 un aumento del 60 por ciento para las partidas de refrigerio y la creaci\u00f3n de nuevos cargos y horas.<\/strong><\/p>\n\n\n\n<p>\u201cCon muchas horas de trabajo&nbsp;hemos puesto a consideraci\u00f3n de&nbsp;ATEN&nbsp;una propuesta integral que comprende no solamente la cuesti\u00f3n de la pauta salarial, sino abarca otras cuestiones relativas al funcionamiento del Consejo Provincial de Educaci\u00f3n (CPE), infraestructura, partidas en materia de refrigerio, un adicional por zona que faltaba completar para algunas escuelas, y tambi\u00e9n hemos hecho un abordaje integral sobre otros aspectos que no se correg\u00edan desde mucho tiempo a la fecha\u201d, detall\u00f3 el ministro de Gobierno, <strong>Jorge Tobares, tras siete horas de reuni\u00f3n<\/strong> con los representantes sindicales.<\/p>\n\n\n\n<p>Esperemos ahora que los docentes puedan interpretar, puedan valorar y puedan acompa\u00f1ar esta propuesta, y as\u00ed poder r\u00e1pidamente ordenar el servicio educativo. <strong>Entendemos que esto nos va a permitir que los docentes, auxiliares del servicio, ni\u00f1os, ni\u00f1as y adolescentes est\u00e9n donde queremos que est\u00e9n,<\/strong> que es en la escuela (Jorge Tobares).<\/p>\n\n\n\n<p><strong>Guagliardo valor\u00f3 que el nuevo acta firmado entre las partes \u201cplantea un incremento del 124 por ciento <\/strong>en las partidas de refrigerio, nos plantea creaciones de cargos y horas que son puestos de trabajo para miles de compa\u00f1eras\u201d y destac\u00f3 que haber mantenido el IPC \u201ces una cuesti\u00f3n que hoy en Argentina no existe y esta provincia la puede sostener y seguir defendiendo\u201d. El dirigente sindical resalt\u00f3 que con la nueva propuesta \u201cse logra recuperar un 10 por ciento entre esos componentes internos del salario, que es una conquista in\u00e9dita en este proceso de negociaci\u00f3n. Adem\u00e1s de eso, 225 mil pesos a cobrar en menos de 40 d\u00edas\u201d.<\/p>\n\n\n\n<figure class=\"wp-block-image\"><img decoding=\"async\" src=\"https:\/\/www.minutoneuquen.com\/u\/fotografias\/m\/2024\/3\/14\/f768x1-652771_652898_5050.jpg\" alt=\"\"\/><figcaption class=\"wp-element-caption\">Acta mesa salarial. Fuente: (Neuqu\u00e9n Informa)<\/figcaption><\/figure>\n\n\n\n<p>Seg\u00fan se detalla en el acta de la reuni\u00f3n <strong>&#8220;para la actualizaci\u00f3n del mes de abril, se considerar\u00e1 el salario del mes de marzo, al que se le aplicar\u00e1n las variaciones de febrero y marzo&#8221;<\/strong>. Con las actualizaciones de julio, octubre y enero del 25, suceder\u00e1 lo mismo. \u201cAl igual que con los otros sectores de los empleados p\u00fablicos, esta es una propuesta que est\u00e1 dentro de las mejores propuestas a nivel nacional en cuanto a previsibilidad de actualizaci\u00f3n del salario\u201d, indic\u00f3 el ministro de Gobierno.<\/p>\n\n\n\n<p>La decisi\u00f3n final quedar\u00e1 en manos de las&nbsp;asambleas&nbsp;docentes que se realizar\u00e1n en toda la provincia, este jueves (14\/03), en toda la provincia. <strong>\u201cNo hay sindicato m\u00e1s democr\u00e1tico que el nuestro, en esas asambleas cada compa\u00f1era va a poder ponderar esta propuesta para aprobar o rechazar. Vamos a las asambleas, es el \u00e1mbito en el que tenemos que discutir, esa es la democracia de ATEN\u201d, enfatiz\u00f3 Guagliardo<\/strong>. &nbsp;&nbsp;&nbsp;&nbsp;&nbsp;&nbsp;&nbsp;<\/p>\n\n\n\n<p><strong>Fuente: www.minutoneuquen.com<\/strong><\/p>\n","protected":false},"excerpt":{"rendered":"<p>\u201cHemos tenido avances significativos en relaci\u00f3n a la mesa salarial anterior\u201d, manifest\u00f3 el secretario general de ATEN, Marcelo Guagliardo, al salir de una nueva reuni\u00f3n con los representantes del Ejecutivo provincial que se extendi\u00f3 por m\u00e1s de siete horas.&nbsp;Este jueves se realizar\u00e1n las asambleas&nbsp;docentes&nbsp;para debatir la propuesta. La propuesta a los docentes&nbsp;contempla el IPC \u2013sin [&hellip;]<\/p>\n","protected":false},"author":5,"featured_media":3596,"comment_status":"open","ping_status":"open","sticky":false,"template":"","format":"standard","meta":[],"categories":[9],"tags":[],"_links":{"self":[{"href":"https:\/\/politicapatagonica.com\/index.php\/wp-json\/wp\/v2\/posts\/3595"}],"collection":[{"href":"https:\/\/politicapatagonica.com\/index.php\/wp-json\/wp\/v2\/posts"}],"about":[{"href":"https:\/\/politicapatagonica.com\/index.php\/wp-json\/wp\/v2\/types\/post"}],"author":[{"embeddable":true,"href":"https:\/\/politicapatagonica.com\/index.php\/wp-json\/wp\/v2\/users\/5"}],"replies":[{"embeddable":true,"href":"https:\/\/politicapatagonica.com\/index.php\/wp-json\/wp\/v2\/comments?post=3595"}],"version-history":[{"count":2,"href":"https:\/\/politicapatagonica.com\/index.php\/wp-json\/wp\/v2\/posts\/3595\/revisions"}],"predecessor-version":[{"id":3604,"href":"https:\/\/politicapatagonica.com\/index.php\/wp-json\/wp\/v2\/posts\/3595\/revisions\/3604"}],"wp:featuredmedia":[{"embeddable":true,"href":"https:\/\/politicapatagonica.com\/index.php\/wp-json\/wp\/v2\/media\/3596"}],"wp:attachment":[{"href":"https:\/\/politicapatagonica.com\/index.php\/wp-json\/wp\/v2\/media?parent=3595"}],"wp:term":[{"taxonomy":"category","embeddable":true,"href":"https:\/\/politicapatagonica.com\/index.php\/wp-json\/wp\/v2\/categories?post=3595"},{"taxonomy":"post_tag","embeddable":true,"href":"https:\/\/politicapatagonica.com\/index.php\/wp-json\/wp\/v2\/tags?post=3595"}],"curies":[{"name":"wp","href":"https:\/\/api.w.org\/{rel}","templated":true}]}}