{"id":3592,"date":"2024-03-14T21:27:31","date_gmt":"2024-03-14T21:27:31","guid":{"rendered":"https:\/\/politicapatagonica.com\/?p=3592"},"modified":"2024-03-14T21:27:32","modified_gmt":"2024-03-14T21:27:32","slug":"la-vicepresidenta-victoria-villaruel-no-vendra-a-las-heras","status":"publish","type":"post","link":"https:\/\/politicapatagonica.com\/index.php\/2024\/03\/14\/la-vicepresidenta-victoria-villaruel-no-vendra-a-las-heras\/","title":{"rendered":"La vicepresidenta Victoria Villaruel no vendr\u00e1 a Las Heras"},"content":{"rendered":"\n<p>La vicepresidenta<strong>&nbsp;Victoria Villaruel no vendr\u00e1 a Las Heras.<\/strong>&nbsp;Lo confirm\u00f3 el senador nacional&nbsp;<strong>Jos\u00e9 Mar\u00eda Carambia.&nbsp;<\/strong>Villarruel ten\u00eda previsto visitar un batall\u00f3n militar en Chubut y presenciar parte de la Fiesta de la Estepa.<\/p>\n\n\n\n<p>Este viernes, estaba previsto su\u00a0arribo al aeropuerto de Comodoro Rivadavia. Su agenda inclu\u00eda una visita a R\u00edo Mayo y su posterior traslado a\u00a0<strong>Las Heras<\/strong>, en la provincia de Santa Cruz.<br><br>Eso no ocurrir\u00e1 ya que su viaje fue suspendido. As\u00ed lo confirm\u00f3 el senador Nacional por Santa Cruz y exintendente de Las Heras, Jos\u00e9 Mar\u00eda Carambia.<\/p>\n\n\n\n<p>En las \u00faltimas horas, circul\u00f3 una versi\u00f3n acerca de la presunta raz\u00f3n de suspender el viaje, aunque no fue confirmada oficialmente.<\/p>\n\n\n\n<p>Existir\u00eda la supuesta intenci\u00f3n de evitar conflictos relativos a la suspensi\u00f3n de las obras de construcci\u00f3n de las represas sobre el r\u00edo Santa Cruz. Vale recordar que la interrupci\u00f3n de la financiaci\u00f3n y el desarrollo de esas obras p\u00fablicas, podr\u00eda significar la p\u00e9rdida de alrededor de 5000 puestos de trabajo.<\/p>\n\n\n\n<p>As\u00ed se extingue la visita a territorio santacruce\u00f1o, de quien ostenta el primer lugar en la l\u00ednea de sucesi\u00f3n de la presidencia de la Naci\u00f3n.<\/p>\n\n\n\n<p><strong>Fuente: www.tiemposur.com.ar<\/strong><\/p>\n","protected":false},"excerpt":{"rendered":"<p>La vicepresidenta&nbsp;Victoria Villaruel no vendr\u00e1 a Las Heras.&nbsp;Lo confirm\u00f3 el senador nacional&nbsp;Jos\u00e9 Mar\u00eda Carambia.&nbsp;Villarruel ten\u00eda previsto visitar un batall\u00f3n militar en Chubut y presenciar parte de la Fiesta de la Estepa. Este viernes, estaba previsto su\u00a0arribo al aeropuerto de Comodoro Rivadavia. Su agenda inclu\u00eda una visita a R\u00edo Mayo y su posterior traslado a\u00a0Las Heras, [&hellip;]<\/p>\n","protected":false},"author":5,"featured_media":3593,"comment_status":"open","ping_status":"open","sticky":false,"template":"","format":"standard","meta":[],"categories":[8],"tags":[],"_links":{"self":[{"href":"https:\/\/politicapatagonica.com\/index.php\/wp-json\/wp\/v2\/posts\/3592"}],"collection":[{"href":"https:\/\/politicapatagonica.com\/index.php\/wp-json\/wp\/v2\/posts"}],"about":[{"href":"https:\/\/politicapatagonica.com\/index.php\/wp-json\/wp\/v2\/types\/post"}],"author":[{"embeddable":true,"href":"https:\/\/politicapatagonica.com\/index.php\/wp-json\/wp\/v2\/users\/5"}],"replies":[{"embeddable":true,"href":"https:\/\/politicapatagonica.com\/index.php\/wp-json\/wp\/v2\/comments?post=3592"}],"version-history":[{"count":1,"href":"https:\/\/politicapatagonica.com\/index.php\/wp-json\/wp\/v2\/posts\/3592\/revisions"}],"predecessor-version":[{"id":3594,"href":"https:\/\/politicapatagonica.com\/index.php\/wp-json\/wp\/v2\/posts\/3592\/revisions\/3594"}],"wp:featuredmedia":[{"embeddable":true,"href":"https:\/\/politicapatagonica.com\/index.php\/wp-json\/wp\/v2\/media\/3593"}],"wp:attachment":[{"href":"https:\/\/politicapatagonica.com\/index.php\/wp-json\/wp\/v2\/media?parent=3592"}],"wp:term":[{"taxonomy":"category","embeddable":true,"href":"https:\/\/politicapatagonica.com\/index.php\/wp-json\/wp\/v2\/categories?post=3592"},{"taxonomy":"post_tag","embeddable":true,"href":"https:\/\/politicapatagonica.com\/index.php\/wp-json\/wp\/v2\/tags?post=3592"}],"curies":[{"name":"wp","href":"https:\/\/api.w.org\/{rel}","templated":true}]}}