{"id":3567,"date":"2024-03-12T21:51:39","date_gmt":"2024-03-12T21:51:39","guid":{"rendered":"https:\/\/politicapatagonica.com\/?p=3567"},"modified":"2024-03-13T10:08:33","modified_gmt":"2024-03-13T10:08:33","slug":"inicio-un-nuevo-periodo-de-comisiones-en-la-camara-de-diputados","status":"publish","type":"post","link":"https:\/\/politicapatagonica.com\/index.php\/2024\/03\/12\/inicio-un-nuevo-periodo-de-comisiones-en-la-camara-de-diputados\/","title":{"rendered":"Inici\u00f3 un nuevo per\u00edodo de Comisiones en la C\u00e1mara de Diputados de Santa Cruz"},"content":{"rendered":"\n<p>Con la presencia de los diputados se llevaron a cabo las primeras reuniones de las comisiones de Asuntos Constitucionales; Perspectiva de G\u00e9nero; Investigadora de la Administraci\u00f3n P\u00fablica; y Educaci\u00f3n y Cultura en la Sala de Comisiones de la Honorable C\u00e1mara de Diputados de Santa Cruz.<\/p>\n\n\n\n<p>En esta primera instancia se eligieron las autoridades de cada comisi\u00f3n, quedando conformadas de la siguiente manera:&nbsp;<strong>Asuntos Constitucionales<\/strong>&nbsp;(Presidente Jos\u00e9 Luis Quiroga y Secretario Segundo Pedro Mu\u00f1oz),&nbsp;<strong>Perspectiva de G\u00e9nero<\/strong>&nbsp;(Presidente Claudia Barrientos y Secretaria Mar\u00eda Agostina Mora Doldan),&nbsp;<strong>Comisi\u00f3n Investigadora<\/strong>&nbsp;(Presidente Jos\u00e9 Luis Quiroga y Secretario Javier Santiago Jara) y&nbsp;<strong>Educaci\u00f3n y Cultura<\/strong>&nbsp;(Presidente Iris Rasgido y Secretario Pedro Mu\u00f1oz).<\/p>\n\n\n\n<p>Asimismo, se procedi\u00f3 a enviar a archivo aquellos proyectos que no llegaron a ser tratados en comisiones durante el lapso de los dos a\u00f1os previos, seg\u00fan lo establece el Art\u00edculo 108 del Reglamento Interno de la Legislatura.<\/p>\n\n\n\n<p>Vale destacar que esta fue la primera vez que las reuniones de comisiones -donde se analizan en profundidad los proyectos presentados en sesiones- fueron transmitidas en vivo a trav\u00e9s de las redes sociales (Facebook y YouTube) de Legislatura Santa Cruz, para difundir la labor de los diputados, garantizar la transparencia y el acceso a la informaci\u00f3n p\u00fablica como algunos de los compromisos asumidos por el Vicegobernador.<\/p>\n\n\n\n<p><strong>Fuente: www.eldiarionuevodia.com.ar<\/strong><\/p>\n","protected":false},"excerpt":{"rendered":"<p>Con la presencia de los diputados se llevaron a cabo las primeras reuniones de las comisiones de Asuntos Constitucionales; Perspectiva de G\u00e9nero; Investigadora de la Administraci\u00f3n P\u00fablica; y Educaci\u00f3n y Cultura en la Sala de Comisiones de la Honorable C\u00e1mara de Diputados de Santa Cruz. En esta primera instancia se eligieron las autoridades de cada [&hellip;]<\/p>\n","protected":false},"author":5,"featured_media":3568,"comment_status":"open","ping_status":"open","sticky":false,"template":"","format":"standard","meta":[],"categories":[8],"tags":[],"_links":{"self":[{"href":"https:\/\/politicapatagonica.com\/index.php\/wp-json\/wp\/v2\/posts\/3567"}],"collection":[{"href":"https:\/\/politicapatagonica.com\/index.php\/wp-json\/wp\/v2\/posts"}],"about":[{"href":"https:\/\/politicapatagonica.com\/index.php\/wp-json\/wp\/v2\/types\/post"}],"author":[{"embeddable":true,"href":"https:\/\/politicapatagonica.com\/index.php\/wp-json\/wp\/v2\/users\/5"}],"replies":[{"embeddable":true,"href":"https:\/\/politicapatagonica.com\/index.php\/wp-json\/wp\/v2\/comments?post=3567"}],"version-history":[{"count":2,"href":"https:\/\/politicapatagonica.com\/index.php\/wp-json\/wp\/v2\/posts\/3567\/revisions"}],"predecessor-version":[{"id":3576,"href":"https:\/\/politicapatagonica.com\/index.php\/wp-json\/wp\/v2\/posts\/3567\/revisions\/3576"}],"wp:featuredmedia":[{"embeddable":true,"href":"https:\/\/politicapatagonica.com\/index.php\/wp-json\/wp\/v2\/media\/3568"}],"wp:attachment":[{"href":"https:\/\/politicapatagonica.com\/index.php\/wp-json\/wp\/v2\/media?parent=3567"}],"wp:term":[{"taxonomy":"category","embeddable":true,"href":"https:\/\/politicapatagonica.com\/index.php\/wp-json\/wp\/v2\/categories?post=3567"},{"taxonomy":"post_tag","embeddable":true,"href":"https:\/\/politicapatagonica.com\/index.php\/wp-json\/wp\/v2\/tags?post=3567"}],"curies":[{"name":"wp","href":"https:\/\/api.w.org\/{rel}","templated":true}]}}