{"id":3564,"date":"2024-03-12T20:24:19","date_gmt":"2024-03-12T20:24:19","guid":{"rendered":"https:\/\/politicapatagonica.com\/?p=3564"},"modified":"2024-03-13T10:01:38","modified_gmt":"2024-03-13T10:01:38","slug":"el-gobernador-anuncio-centros-de-monitoreo-en-plottier-neuquen-y-centenario","status":"publish","type":"post","link":"https:\/\/politicapatagonica.com\/index.php\/2024\/03\/12\/el-gobernador-anuncio-centros-de-monitoreo-en-plottier-neuquen-y-centenario\/","title":{"rendered":"El gobernador Rolando Figueroa habilit\u00f3 centros de monitoreo en Plottier, Neuqu\u00e9n y Centenario"},"content":{"rendered":"\n<p><strong>El gobernador de Neuqu\u00e9n Rolando Figueroa, junto a funcionarios provinciales, autoridades municipales de Senillosa y policiales dejaron habilitado el moderno centro de monitoreo en esa localidad. <\/strong>Participaron del acto el ministro de Seguridad, Mat\u00edas Nicolini, el subjefe de la Polic\u00eda del Neuqu\u00e9n, comisario mayor Walter San Mart\u00edn y el intendente Lucas Paez.<\/p>\n\n\n\n<p><strong>El gobernador Figueroa destac\u00f3 el trabajo que se realiz\u00f3 desde el municipio de Senillosa <\/strong>y, tambi\u00e9n desde el Ministerio de Seguridad y la fuerza de seguridad provincial para avanzar en m\u00e1s seguridad para los vecinos.<\/p>\n\n\n\n<p>El mandatario anunci\u00f3 m\u00e1s inversiones en video seguridad por lo que expres\u00f3: <strong>\u201cHoy estamos empezando en Senillosa; la semana que viene lo vamos a hacer en Plottier, despu\u00e9s viene la capital neuquina, y as\u00ed vamos continuar con Centenario\u201d.<\/strong><\/p>\n\n\n\n<p>Afirm\u00f3 que se trata de <strong>\u201cun fortalecimiento de m\u00e1s del 500% en la cantidad de c\u00e1maras con una inversi\u00f3n en tecnolog\u00eda de seguridad de m\u00e1s de 11 millones de d\u00f3lares<\/strong>; indica que las inversiones p\u00fablicas, los fondos de los neuquinos, van a donde necesitamos, en este caso para mejorar la seguridad de cada uno de los habitantes de nuestra provincia\u201d.<\/p>\n\n\n\n<p>El ministro de Seguridad, Mat\u00edas Nicolini, indic\u00f3 que \u201cla ubicaci\u00f3n estrat\u00e9gica de este centro en la localidad de Senillosa nos permitir\u00e1 ofrecer respuestas r\u00e1pidas y efectivas ante situaciones de riesgo, principalmente en el corredor tur\u00edstico hacia la zona cordillerana\u201d.<\/p>\n\n\n\n<p>El responsable de la cartera de seguridad destac\u00f3, adem\u00e1s, que <strong>\u201cla provincia cuenta en la actualidad con un total de 622 c\u00e1maras en toda la provincia y vamos a instalar 2527\u201d<\/strong>; logrando un total de 3149 c\u00e1maras en toda la provincia.<\/p>\n\n\n\n<p>El intendente de Senillosa, Lucas P\u00e1ez sostuvo que \u201ces una obra muy importante, fundamental para la seguridad de nuestros vecinos, para mejorar la calidad realmente de nuestra ciudadan\u00eda. Agradecerle al gobernador, al gobierno provincial, por la gran inversi\u00f3n que hizo para poder poner en funcionamiento este centro tecnol\u00f3gico muy moderno que nos va a permitir prevenir el delito y, en el caso de no prevenirlo, perseguir a quien cometa delitos\u201d.<\/p>\n\n\n\n<p><strong>Inversi\u00f3n<\/strong><\/p>\n\n\n\n<p><strong>En el caso de Senillosa se realiz\u00f3 la instalaci\u00f3n de un video Wall compuesto de cuatro monitores profesionales HD de 55 pulgadas, se establecieron cinco puestos de operaci\u00f3n, un puesto de administraci\u00f3n y un puesto de jefatura, los mismos estar\u00e1n compuestos de dos monitores curvos de 24 pulgadas y sus respectivas PCs de \u00faltima generaci\u00f3n<\/strong>, con sus elementos complementarios, adem\u00e1s en orden de garantizar la comodidad y el correcto refrigerado del centro de monitoreo se instal\u00f3 un aire acondicionado capacitado para el refrigerado de los equipos y del centro de Monitoreo.<\/p>\n\n\n\n<p>El centro tendr\u00e1 la capacidad de monitoreo de <strong>28 puntos de captura que hacen a un total de 82 videoc\u00e1maras <\/strong>con la \u00faltima tecnolog\u00eda.<\/p>\n\n\n\n<p>Toda la red de conectividad se realiza por medio de fibra \u00f3ptica en orden de garantizar respuesta inmediata y el soporte necesario para procesar im\u00e1genes de tipo 4K las 24 horas los 365 d\u00edas del a\u00f1o, esto monitoreado por 15 operarios que dependen de la Polic\u00eda de la Provincia del Neuqu\u00e9n.<\/p>\n\n\n\n<p><strong>Plan Integral de Videoseguridad<\/strong><\/p>\n\n\n\n<p><strong>El Plan Integral de Video Seguridad Ciudadana tiene como objetivo establecer una pol\u00edtica p\u00fablica que permita generar las condiciones organizativas, administrativas, legales y financieras necesarias para crear un sistema integrado de video seguridad a trav\u00e9s de la modernizaci\u00f3n y ampliaci\u00f3n de los actuales sistemas y la creaci\u00f3n de nuevos centros de monitoreo<\/strong> en todo el territorio provincial, asegurando su operaci\u00f3n, control, mantenimiento preventivo correctivo y predictivo previendo futuras modernizaciones del sistema, d\u00e1ndole continuidad en el tiempo al proceso.<\/p>\n\n\n\n<p><strong>Fuente: diarioneuquen.com.ar<\/strong><\/p>\n","protected":false},"excerpt":{"rendered":"<p>El gobernador de Neuqu\u00e9n Rolando Figueroa, junto a funcionarios provinciales, autoridades municipales de Senillosa y policiales dejaron habilitado el moderno centro de monitoreo en esa localidad. Participaron del acto el ministro de Seguridad, Mat\u00edas Nicolini, el subjefe de la Polic\u00eda del Neuqu\u00e9n, comisario mayor Walter San Mart\u00edn y el intendente Lucas Paez. El gobernador Figueroa [&hellip;]<\/p>\n","protected":false},"author":5,"featured_media":3565,"comment_status":"open","ping_status":"open","sticky":false,"template":"","format":"standard","meta":[],"categories":[9],"tags":[],"_links":{"self":[{"href":"https:\/\/politicapatagonica.com\/index.php\/wp-json\/wp\/v2\/posts\/3564"}],"collection":[{"href":"https:\/\/politicapatagonica.com\/index.php\/wp-json\/wp\/v2\/posts"}],"about":[{"href":"https:\/\/politicapatagonica.com\/index.php\/wp-json\/wp\/v2\/types\/post"}],"author":[{"embeddable":true,"href":"https:\/\/politicapatagonica.com\/index.php\/wp-json\/wp\/v2\/users\/5"}],"replies":[{"embeddable":true,"href":"https:\/\/politicapatagonica.com\/index.php\/wp-json\/wp\/v2\/comments?post=3564"}],"version-history":[{"count":3,"href":"https:\/\/politicapatagonica.com\/index.php\/wp-json\/wp\/v2\/posts\/3564\/revisions"}],"predecessor-version":[{"id":3575,"href":"https:\/\/politicapatagonica.com\/index.php\/wp-json\/wp\/v2\/posts\/3564\/revisions\/3575"}],"wp:featuredmedia":[{"embeddable":true,"href":"https:\/\/politicapatagonica.com\/index.php\/wp-json\/wp\/v2\/media\/3565"}],"wp:attachment":[{"href":"https:\/\/politicapatagonica.com\/index.php\/wp-json\/wp\/v2\/media?parent=3564"}],"wp:term":[{"taxonomy":"category","embeddable":true,"href":"https:\/\/politicapatagonica.com\/index.php\/wp-json\/wp\/v2\/categories?post=3564"},{"taxonomy":"post_tag","embeddable":true,"href":"https:\/\/politicapatagonica.com\/index.php\/wp-json\/wp\/v2\/tags?post=3564"}],"curies":[{"name":"wp","href":"https:\/\/api.w.org\/{rel}","templated":true}]}}