{"id":3560,"date":"2024-03-11T19:24:21","date_gmt":"2024-03-11T19:24:21","guid":{"rendered":"https:\/\/politicapatagonica.com\/?p=3560"},"modified":"2024-03-13T09:52:29","modified_gmt":"2024-03-13T09:52:29","slug":"el-gobierno-provincial-financiara-el-boleto-interurbano-gratuito-a-estudiantes-universitarios","status":"publish","type":"post","link":"https:\/\/politicapatagonica.com\/index.php\/2024\/03\/11\/el-gobierno-provincial-financiara-el-boleto-interurbano-gratuito-a-estudiantes-universitarios\/","title":{"rendered":"El Gobierno de La Pampa financiar\u00e1 el boleto interurbano gratuito a estudiantes universitarios"},"content":{"rendered":"\n<p>La Universidad Nacional de La Pampa y el Gobierno provincial firmaron este lunes dos nuevos convenios de colaboraci\u00f3n mutua.<\/p>\n\n\n\n<p>Uno est\u00e1 relacionado con<strong>\u00a0el financiamiento de la Provincia para el transporte gratuito de los estudiantes universitarios del interior y que no residen en Santa Rosa ni en General Pico a partir del mes de abril,\u00a0<\/strong>en el marco del fuerte crecimiento del valor de los viajes en colectivos, como consecuencia de la quita de los subsidios por parte de la gesti\u00f3n del presidente Javier Milei.<\/p>\n\n\n\n<p>La Provincia aportar\u00e1 unos 100 millones de pesos mensuales para beneficiar a unos 4.200 estudiantes. La medida tiene un fuerte impacto dado el valor actual de los pasajes:&nbsp;<strong>por ejemplo, un viaje de Colonia 25 de Mayo hasta General Pico tiene un costo de 90 mil pesos, ida y vuelta<\/strong>. Algo similar ocurre desde otros pueblos m\u00e1s lejanos del territorio pampeano, tanto a Pico como a Santa Rosa.<\/p>\n\n\n\n<p>Beneficiar\u00e1 a m\u00e1s de 4 mil estudiantes, y m\u00ednimamente se va a garantizar un boleto -ida y vuelta- por mes y por estudiante que resida en localidades de La Pampa.&nbsp;<strong>Pero entre localidades de hasta 30 kil\u00f3metros (como Anguil o Toay con respecto a Santa Rosa) se garantizar\u00e1 un viaje ida y vuelta diario.<\/strong><\/p>\n\n\n\n<p><strong>El otro convenio est\u00e1 relacionado con la pol\u00edtica h\u00eddrica en la provincia:<\/strong>&nbsp;se trata de una nueva etapa del estudio por el da\u00f1o ambiental que provoc\u00f3 el corte del R\u00edo Atuel en La Pampa para brindar m\u00e1s asesoramiento.<\/p>\n\n\n\n<p><strong><em>&#8220;Un d\u00eda marcado en la historia&#8221;.<\/em><\/strong><\/p>\n\n\n\n<p><strong>&#8220;Lo que era una necesidad se hizo posible gracias al Gobierno provincial. Hoy es un d\u00eda que quedar\u00e1 marcado en la historia de nuestra universidad&#8221;<\/strong>, destac\u00f3 el rector Oscar Alpa.<\/p>\n\n\n\n<p>&#8220;Venimos trabajando en poder llegar a cada localidad con la universidad. Esto significa una inversi\u00f3n important\u00edsima del Gobierno provincial. <strong>Es un d\u00eda que quedar\u00e1 marcado en la historia de la Universidad&#8221;<\/strong>, sostuvo.<\/p>\n\n\n\n<p>Luego, el gobernador Sergio Ziliotto subray\u00f3 que&nbsp;<strong>&#8220;este proyecto del boleto naci\u00f3 de los estudiantes. Es un proyecto que era una necesidad de todo el estudiantado&#8221;<\/strong>.<\/p>\n\n\n\n<p>Destac\u00f3 que se decidi\u00f3 llevar adelante el proyecto sin tener en cuenta las pertenencias pol\u00edticas,&nbsp;<strong>a partir de que fue una idea de los estudiantes de la agrupaci\u00f3n radical Franja Morada.<\/strong><\/p>\n\n\n\n<p>Y agreg\u00f3: &#8220;Es un d\u00eda en el cual venimos a ratificar una alianza estrat\u00e9gica nada m\u00e1s y nada menos que con la Universidad Nacional de La Pampa. Y en ese esquema de articular, son infinidad las tem\u00e1ticas que nos vienen<strong>. Para nosotros la Universidad Nacional de La Pampa es un \u00f3rgano de consulta y de trabajo conjunto, a partir de la calidad y el prestigio que a lo largo de los a\u00f1os ha construido esta casa de altos estudios&#8221;.<\/strong><\/p>\n\n\n\n<p>&#8220;Hoy no estamos ante un hecho m\u00ednimo, sino que invertimos en el futuro. Hoy hacemos realidad el hecho que ante una necesidad nace un derecho, esto significa avanzar hacia el futuro&#8221;, sostuvo Ziliotto.<\/p>\n\n\n\n<figure class=\"wp-block-image\"><img decoding=\"async\" src=\"https:\/\/www.eldiariodelapampa.com.ar\/\/img\/publicaciones\/2024\/03\/11\/alta\/496849-t.jpg\" alt=\"\"\/><\/figure>\n\n\n\n<p>&#8220;Para nosotros la educaci\u00f3n no es un gasto, sino que es una inversi\u00f3n. Cuando el Estado Nacional abandona sus responsabilidades, aparece el Estado provincial para garantizar la educaci\u00f3n p\u00fablica gratuita&#8221;, remarc\u00f3 el gobernador.<\/p>\n\n\n\n<p>&#8220;Si gobernaran las leyes del mercado no habr\u00eda ni educaci\u00f3n gratuita, ni boleto estudiantil gratuito, ni tampoco desde el Estado se potenciar\u00eda la econom\u00eda&#8221;, enfatiz\u00f3.<\/p>\n\n\n\n<p><strong>El convenio firmado entre la Provincia y la UNLPam establece que los beneficiarios del boleto gratuito ser\u00e1n &#8220;aquellos estudiantes cuya localidad de cursado de su carrera no sea coincidente con su domicilio real&#8221;.<\/strong><\/p>\n\n\n\n<p>La universidad &#8220;asume el compromiso de llevar adelante el procedimiento para la efectiva implementaci\u00f3n del boleto estudiantil interurbano para los alumnos de esa casa de estudios que se domicilien en la Provincia de La Pampa, en localidad distinta a la que cursan sus estudios universitarios&#8221;.&nbsp;<\/p>\n\n\n\n<p>Por su parte, la Provincia se compromete a &#8220;transferir, dentro de los 10 d\u00edas de la suscripci\u00f3n del presente convenio, el equivalente para<strong> cubrir el costo de boletos estudiantiles previsto para el lapso de un mes, cuya suma asciende a $100.250.325,70&#8243;.&nbsp;<\/strong><\/p>\n\n\n\n<p>El estudio que se encarg\u00f3 para determinar los costos de la implementaci\u00f3n de este beneficio determin\u00f3 que existen 4.270 estudiantes que residen en una localidad distinta de la que se encuentra la sede donde cursan. Estos estudiantes fueron segmentados en tres categor\u00edas: hasta 30 kil\u00f3metros al lugar de cursado, 602 estudiantes (14%); mayor a 30 kil\u00f3metros: 2.773 estudiantes (65%); y estudiantes provenientes de otras provincias: 895 (21%).<\/p>\n\n\n\n<p>As\u00ed se pudo establecer que el costo total, con el valor de los boletos actuales, asciende a 902.252.931 pesos. La cifra final puede llegar a modificarse a partir de las altas y bajas de estudiantes y el costo del boleto.<\/p>\n\n\n\n<p>Por otra parte, se firm\u00f3 una continuidad del convenio de asesoramiento entre La Pampa y la UNLPam en lo que tiene que ver con el <strong>reclamo por el corte del r\u00edo Atuel por parte de Mendoza<\/strong>.<\/p>\n\n\n\n<figure class=\"wp-block-image\"><img decoding=\"async\" src=\"https:\/\/www.eldiariodelapampa.com.ar\/\/img\/publicaciones\/2024\/03\/11\/alta\/496804-t.jpg\" alt=\"\"\/><\/figure>\n\n\n\n<p>En el marco del convenio general suscripto entre la Provincia y la UNLPam en mayo de 1987, la Universidad evaluar\u00e1 y propondr\u00e1 al Gobierno, en base a los solicitado por la fiscal de Estado, alternativas para <strong>acudir ante los organismos respectivos tanto nacionales como interamericanos o internacionales a fin de efectivizar los derechos<\/strong> reconocidos en la sentencia dictada por la Corte Suprema de Justicia de la Naci\u00f3n con fecha 16 de julio de 2020 en la causa caratulada &#8220;La provincia de La Pampa contra Provincia de Mendoza sobre uso de aguas&#8221;.<\/p>\n\n\n\n<p>El plan general de trabajo se incluye en el documento denominado &#8220;Petici\u00f3n Individual ante la Comisi\u00f3n Interamericana de Derechos Humanos Caso R\u00edo Atuel&#8221;.<\/p>\n\n\n\n<p>Para la ejecuci\u00f3n del mismo, <strong>la UNLPam conformar\u00e1 un equipo de trabajo<\/strong> bajo la coordinaci\u00f3n general del constitucionalista Andr\u00e9s Gil Dom\u00ednguez e integrado por coordinadores y equipo de investigaci\u00f3n de la Facultad de Ciencias Econ\u00f3micas y Jur\u00eddicas.<\/p>\n\n\n\n<p>&#8220;Queremos fortalecer la posici\u00f3n que tienen nuestros representantes ante la Comisi\u00f3n Interprovincial del Atuel Inferior (CIAI), para que puedan defender con m\u00e1s elementos y mayor firmeza lo que es nuestro permanente trabajo en pos de sostener la soberan\u00eda h\u00eddrica&#8221;, expres\u00f3 Ziliotto.<\/p>\n\n\n\n<p><strong>Fuente: www.eldiariodelapampa.com.ar<\/strong><\/p>\n","protected":false},"excerpt":{"rendered":"<p>La Universidad Nacional de La Pampa y el Gobierno provincial firmaron este lunes dos nuevos convenios de colaboraci\u00f3n mutua. Uno est\u00e1 relacionado con\u00a0el financiamiento de la Provincia para el transporte gratuito de los estudiantes universitarios del interior y que no residen en Santa Rosa ni en General Pico a partir del mes de abril,\u00a0en el [&hellip;]<\/p>\n","protected":false},"author":5,"featured_media":3083,"comment_status":"open","ping_status":"open","sticky":false,"template":"","format":"standard","meta":[],"categories":[10],"tags":[],"_links":{"self":[{"href":"https:\/\/politicapatagonica.com\/index.php\/wp-json\/wp\/v2\/posts\/3560"}],"collection":[{"href":"https:\/\/politicapatagonica.com\/index.php\/wp-json\/wp\/v2\/posts"}],"about":[{"href":"https:\/\/politicapatagonica.com\/index.php\/wp-json\/wp\/v2\/types\/post"}],"author":[{"embeddable":true,"href":"https:\/\/politicapatagonica.com\/index.php\/wp-json\/wp\/v2\/users\/5"}],"replies":[{"embeddable":true,"href":"https:\/\/politicapatagonica.com\/index.php\/wp-json\/wp\/v2\/comments?post=3560"}],"version-history":[{"count":2,"href":"https:\/\/politicapatagonica.com\/index.php\/wp-json\/wp\/v2\/posts\/3560\/revisions"}],"predecessor-version":[{"id":3572,"href":"https:\/\/politicapatagonica.com\/index.php\/wp-json\/wp\/v2\/posts\/3560\/revisions\/3572"}],"wp:featuredmedia":[{"embeddable":true,"href":"https:\/\/politicapatagonica.com\/index.php\/wp-json\/wp\/v2\/media\/3083"}],"wp:attachment":[{"href":"https:\/\/politicapatagonica.com\/index.php\/wp-json\/wp\/v2\/media?parent=3560"}],"wp:term":[{"taxonomy":"category","embeddable":true,"href":"https:\/\/politicapatagonica.com\/index.php\/wp-json\/wp\/v2\/categories?post=3560"},{"taxonomy":"post_tag","embeddable":true,"href":"https:\/\/politicapatagonica.com\/index.php\/wp-json\/wp\/v2\/tags?post=3560"}],"curies":[{"name":"wp","href":"https:\/\/api.w.org\/{rel}","templated":true}]}}