{"id":3551,"date":"2024-03-08T22:41:43","date_gmt":"2024-03-08T22:41:43","guid":{"rendered":"https:\/\/politicapatagonica.com\/?p=3551"},"modified":"2024-03-11T18:31:38","modified_gmt":"2024-03-11T18:31:38","slug":"chubut-trabajara-con-el-garrahan-para-fortalecer-la-telesalud-en-los-hospitales-cabecera","status":"publish","type":"post","link":"https:\/\/politicapatagonica.com\/index.php\/2024\/03\/08\/chubut-trabajara-con-el-garrahan-para-fortalecer-la-telesalud-en-los-hospitales-cabecera\/","title":{"rendered":"Chubut trabajar\u00e1 con el Garrahan para fortalecer la telesalud en los hospitales de cabecera"},"content":{"rendered":"\n<p><strong>La Secretar\u00eda de Salud del Gobierno del Chubut firm\u00f3 con el Hospital de Pediatr\u00eda SAMIC \u201cProf. Dr. Juan P. Garrahan\u201d de la Ciudad de Buenos Aires un convenio marco de adhesi\u00f3n al \u201cPrograma Garrahan Federal\u201d<\/strong>, con el objetivo de fortalecer las capacidades instaladas mediante la integraci\u00f3n del trabajo en red para favorecer los servicios de atenci\u00f3n m\u00e9dica a distancia dentro del campo de la telesalud.<\/p>\n\n\n\n<p>El convenio fue suscrito este jueves por el secretario de Salud chubutense, Sergio Wisky, y el presidente del Consejo de Administraci\u00f3n del hospital de referencia nacional, Oscar Imventarza, en el marco de la Jornada Provincial \u201cDesaf\u00edos de la Telesalud en la Transformaci\u00f3n digital del sistema sanitario en Chubut\u201d.<\/p>\n\n\n\n<p>Dicha actividad se realiz\u00f3 de manera presencial en Rawson, en la sede central de la cartera sanitaria provincial, y virtual, modalidad mediante la cual se conectaron las autoridades del Hospital Garrahan.<\/p>\n\n\n\n<p>En la oportunidad, tambi\u00e9n estuvieron presentes los subsecretarios de Gesti\u00f3n Institucional, Martin P\u00e9rez, y de Programas de Salud, Sergio Jaime; la referente provincial de Telesalud, Devora Flores Sahag\u00fan; la jefa del Departamento de Telesalud e Innovaci\u00f3n del Hospital Garrahan, Celeste Savignano; y directores y referentes de las Oficinas de Comunicaci\u00f3n a Distancia (OCD) de los Hospitales Regional de Comodoro Rivadavia y Zonales de Trelew, Puerto Madryn y Esquel, entre otros.<\/p>\n\n\n\n<p><strong>\u201cCalidad asistencial centrada en la persona hecha realidad\u201d<\/strong><\/p>\n\n\n\n<p>Al respecto, el titular de la cartera sanitaria provincial, Sergio Wisky, indic\u00f3 que el convenio firmado \u201c<strong>refuerza el trabajo que viene haciendo la provincia en materia de telesalud<\/strong>\u201d y destac\u00f3 que, en el marco de la actual gesti\u00f3n de gobierno, \u201cqueremos fortalecer y lograr que esta nueva modalidad asistencial que es la virtualidad tenga mucha presencia en nuestros hospitales cabecera de Comodoro Rivadavia, Trelew, Puerto Madryn y Esquel, tanto en el organigrama como en la organizaci\u00f3n\u201d, ya que \u201cen una provincia tan extensa y con poblaciones tan escasas, nos permite acercarnos y ser m\u00e1s equitativos, m\u00e1s eficientes socialmente\u201d.<\/p>\n\n\n\n<p><strong>Un paso m\u00e1s<\/strong><\/p>\n\n\n\n<p>Asimismo, el presidente del Consejo de Administraci\u00f3n del Hospital Garrahan, Oscar Imventarza, se\u00f1al\u00f3 que el convenio firmado \u201ces un paso m\u00e1s\u201d en la relaci\u00f3n de trabajo conjunto entre el prestigioso centro m\u00e9dico nacional y la provincia del Chubut, y resalt\u00f3 que el Programa Garrahan Federal tiene como prop\u00f3sito \u201cllegar a toda la comunidad y a todos los profesionales que necesiten de nuestra ayuda, para poder estar presentes en el lugar con las teleconsultas o con las derivaciones\u201d.<\/p>\n\n\n\n<p><strong>Programa Garrahan Federal<\/strong><\/p>\n\n\n\n<p>Por su parte, la jefa del Departamento de Telesalud e Innovaci\u00f3n del Hospital Garrahan, Celeste Savignano, explic\u00f3 que el convenio firmado \u201ces un convenio de cooperaci\u00f3n para poder profundizar y fortalecer los v\u00ednculos que tenemos con los efectores de la provincia, y para trabajar diferentes pilares que tienen que ver con la gesti\u00f3n de las organizaciones sanitarias, los diferentes modelos de servicios asistenciales centrados en las personas, cuestiones vinculadas directamente con la comunidad y todo lo que tiene que ver con la formaci\u00f3n y capacitaci\u00f3n continua del talento humano en salud\u201d.<\/p>\n\n\n\n<p>Adem\u00e1s, Savignano resalt\u00f3 que el Programa Garrahan Federal \u201cest\u00e1 abrazado por la l\u00f3gica de las redes integradas de servicios de salud\u201d, para lograr una mejor atenci\u00f3n de la salud delapoblaci\u00f3n.<\/p>\n\n\n\n<p><strong>Fuente: www.diariojornada.com.ar<\/strong><\/p>\n","protected":false},"excerpt":{"rendered":"<p>La Secretar\u00eda de Salud del Gobierno del Chubut firm\u00f3 con el Hospital de Pediatr\u00eda SAMIC \u201cProf. Dr. Juan P. Garrahan\u201d de la Ciudad de Buenos Aires un convenio marco de adhesi\u00f3n al \u201cPrograma Garrahan Federal\u201d, con el objetivo de fortalecer las capacidades instaladas mediante la integraci\u00f3n del trabajo en red para favorecer los servicios de [&hellip;]<\/p>\n","protected":false},"author":5,"featured_media":3552,"comment_status":"open","ping_status":"open","sticky":false,"template":"","format":"standard","meta":[],"categories":[14],"tags":[],"_links":{"self":[{"href":"https:\/\/politicapatagonica.com\/index.php\/wp-json\/wp\/v2\/posts\/3551"}],"collection":[{"href":"https:\/\/politicapatagonica.com\/index.php\/wp-json\/wp\/v2\/posts"}],"about":[{"href":"https:\/\/politicapatagonica.com\/index.php\/wp-json\/wp\/v2\/types\/post"}],"author":[{"embeddable":true,"href":"https:\/\/politicapatagonica.com\/index.php\/wp-json\/wp\/v2\/users\/5"}],"replies":[{"embeddable":true,"href":"https:\/\/politicapatagonica.com\/index.php\/wp-json\/wp\/v2\/comments?post=3551"}],"version-history":[{"count":3,"href":"https:\/\/politicapatagonica.com\/index.php\/wp-json\/wp\/v2\/posts\/3551\/revisions"}],"predecessor-version":[{"id":3559,"href":"https:\/\/politicapatagonica.com\/index.php\/wp-json\/wp\/v2\/posts\/3551\/revisions\/3559"}],"wp:featuredmedia":[{"embeddable":true,"href":"https:\/\/politicapatagonica.com\/index.php\/wp-json\/wp\/v2\/media\/3552"}],"wp:attachment":[{"href":"https:\/\/politicapatagonica.com\/index.php\/wp-json\/wp\/v2\/media?parent=3551"}],"wp:term":[{"taxonomy":"category","embeddable":true,"href":"https:\/\/politicapatagonica.com\/index.php\/wp-json\/wp\/v2\/categories?post=3551"},{"taxonomy":"post_tag","embeddable":true,"href":"https:\/\/politicapatagonica.com\/index.php\/wp-json\/wp\/v2\/tags?post=3551"}],"curies":[{"name":"wp","href":"https:\/\/api.w.org\/{rel}","templated":true}]}}