{"id":3548,"date":"2024-03-08T19:48:50","date_gmt":"2024-03-08T19:48:50","guid":{"rendered":"https:\/\/politicapatagonica.com\/?p=3548"},"modified":"2024-03-11T18:28:57","modified_gmt":"2024-03-11T18:28:57","slug":"rio-negro-apuesta-a-la-mineria-para-promover-el-desarrollo-economico","status":"publish","type":"post","link":"https:\/\/politicapatagonica.com\/index.php\/2024\/03\/08\/rio-negro-apuesta-a-la-mineria-para-promover-el-desarrollo-economico\/","title":{"rendered":"R\u00edo Negro apuesta a la miner\u00eda para promover el desarrollo econ\u00f3mico"},"content":{"rendered":"\n<p>La explotaci\u00f3n minera en la Regi\u00f3n Sur es uno de los temas principales en la agenda de la Provincia para acelerar los tiempos y lograr consensos que permitan la producci\u00f3n en la zona.<strong> En Maquinchao se llev\u00f3 a cabo la primera reuni\u00f3n del Directorio del Ente de la Regi\u00f3n Sur con la participaci\u00f3n de la Secretar\u00eda de Energ\u00eda y Ambiente.<\/strong><\/p>\n\n\n\n<p>La presentaci\u00f3n en el marco de la reuni\u00f3n en Maquinchao estuvo a cargo del <strong>secretario de Miner\u00eda, Joaqu\u00edn&nbsp;Aberastain Oro,<\/strong> quien expuso los proyectos mineros estrat\u00e9gicos que la provincia tiene en cartera para su desarrollo.<\/p>\n\n\n\n<p><strong>\u201cEstas son instancias necesarias, abiertos al di\u00e1logo, abiertos a los cuestionamientos, con la posibilidad de justamente poder brindar informaci\u00f3n y herramientas para que despu\u00e9s cada una de las personas puedan decidir si apoyan o no a este tipo de desarrollo industrial\u201d, afirm\u00f3 el funcionario de Energ\u00eda.<\/strong><\/p>\n\n\n\n<p>Aberastain Oro se\u00f1al\u00f3 que la Regi\u00f3n Sur \u201ctiene una gran cantidad de proyectos en distinto grado de avance y su suelo es rico en diferentes tipos de minerales\u201d.<\/p>\n\n\n\n<p>Enumer\u00f3 que &#8220;lidera la producci\u00f3n nacional de <strong>diatomita en Jacobacci;\u00a0tambi\u00e9n de caol\u00edn, donde tambi\u00e9n se lidera la producci\u00f3n nacional; hay mucha producci\u00f3n de piedra laja y p\u00f3rfido a lo largo y a lo ancho de toda la regi\u00f3n<\/strong>, pero exclusivamente se concentra en Los Menucos\u00bb. Resalt\u00f3 la importancia de los\u00a0proyectos metal\u00edferos y energ\u00e9ticos. &#8220;Hay 32 proyectos en toda la provincia, la mayor\u00eda en la Regi\u00f3n Sur, con distintos grados de avance&#8221;, asegur\u00f3.<\/p>\n\n\n\n<p>Plante\u00f3 que est\u00e1n en elaboraci\u00f3n \u201cun plan estrat\u00e9gico para el desarrollo minero en la regi\u00f3n para el cual consideramos <strong>necesario el acompa\u00f1amiento de todos los sectores y los formadores de opini\u00f3n<\/strong>\u201d.<\/p>\n\n\n\n<p><strong>Asegur\u00f3 que el gobierno est\u00e1 abierto al di\u00e1logo y a los cuestionamientos para ofrecer informaci\u00f3n y herramientas sin pretensi\u00f3n de convencimiento para que cada uno decida si apoya o no.<\/strong><\/p>\n\n\n\n<p><strong>Fuente: www.diariolapalabra.com.ar<\/strong><\/p>\n","protected":false},"excerpt":{"rendered":"<p>La explotaci\u00f3n minera en la Regi\u00f3n Sur es uno de los temas principales en la agenda de la Provincia para acelerar los tiempos y lograr consensos que permitan la producci\u00f3n en la zona. En Maquinchao se llev\u00f3 a cabo la primera reuni\u00f3n del Directorio del Ente de la Regi\u00f3n Sur con la participaci\u00f3n de la [&hellip;]<\/p>\n","protected":false},"author":5,"featured_media":3549,"comment_status":"open","ping_status":"open","sticky":false,"template":"","format":"standard","meta":[],"categories":[13],"tags":[],"_links":{"self":[{"href":"https:\/\/politicapatagonica.com\/index.php\/wp-json\/wp\/v2\/posts\/3548"}],"collection":[{"href":"https:\/\/politicapatagonica.com\/index.php\/wp-json\/wp\/v2\/posts"}],"about":[{"href":"https:\/\/politicapatagonica.com\/index.php\/wp-json\/wp\/v2\/types\/post"}],"author":[{"embeddable":true,"href":"https:\/\/politicapatagonica.com\/index.php\/wp-json\/wp\/v2\/users\/5"}],"replies":[{"embeddable":true,"href":"https:\/\/politicapatagonica.com\/index.php\/wp-json\/wp\/v2\/comments?post=3548"}],"version-history":[{"count":3,"href":"https:\/\/politicapatagonica.com\/index.php\/wp-json\/wp\/v2\/posts\/3548\/revisions"}],"predecessor-version":[{"id":3556,"href":"https:\/\/politicapatagonica.com\/index.php\/wp-json\/wp\/v2\/posts\/3548\/revisions\/3556"}],"wp:featuredmedia":[{"embeddable":true,"href":"https:\/\/politicapatagonica.com\/index.php\/wp-json\/wp\/v2\/media\/3549"}],"wp:attachment":[{"href":"https:\/\/politicapatagonica.com\/index.php\/wp-json\/wp\/v2\/media?parent=3548"}],"wp:term":[{"taxonomy":"category","embeddable":true,"href":"https:\/\/politicapatagonica.com\/index.php\/wp-json\/wp\/v2\/categories?post=3548"},{"taxonomy":"post_tag","embeddable":true,"href":"https:\/\/politicapatagonica.com\/index.php\/wp-json\/wp\/v2\/tags?post=3548"}],"curies":[{"name":"wp","href":"https:\/\/api.w.org\/{rel}","templated":true}]}}