{"id":3543,"date":"2024-03-07T19:42:26","date_gmt":"2024-03-07T19:42:26","guid":{"rendered":"https:\/\/politicapatagonica.com\/?p=3543"},"modified":"2024-03-07T19:42:28","modified_gmt":"2024-03-07T19:42:28","slug":"gobernadores-van-por-una-nueva-ley-de-coparticipacion","status":"publish","type":"post","link":"https:\/\/politicapatagonica.com\/index.php\/2024\/03\/07\/gobernadores-van-por-una-nueva-ley-de-coparticipacion\/","title":{"rendered":"Gobernadores van por una nueva ley de coparticipaci\u00f3n"},"content":{"rendered":"\n<p>El gobernador de Chubut, Ignacio \u201cNacho\u201d Torres, es el anfitri\u00f3n desde este jueves por la ma\u00f1ana del segundo \u201cEncuentro de Gobernadores de la Regi\u00f3n Patag\u00f3nica\u201d, el cual se lleva adelante en el Hotel Rayentray de la ciudad de Puerto Madryn y cuenta con la destacada participaci\u00f3n de todos los mandatarios provinciales de la regi\u00f3n.<\/p>\n\n\n\n<p>Los gobernadores de La Pampa, Sergio Ziliotto; de Neuqu\u00e9n, Rolando Figueroa; de R\u00edo Negro, Alberto Weretilneck; de Santa Cruz, Claudio Vidal; y de Tierra del Fuego, Gustavo Melella, ya est\u00e1n deliberando desde la ma\u00f1ana de este jueves junto a Torres para trabajar en una agenda com\u00fan de desarrollo que tendr\u00e1 por ejes centrales a la coparticipaci\u00f3n, la transici\u00f3n energ\u00e9tica, el hidr\u00f3geno verde y la b\u00fasqueda de valor agregado para la producci\u00f3n de cada una de las provincias.<\/p>\n\n\n\n<p>Antes de comenzar a deliberar, los gobernadores salieron del hotel algunos minutos para hacer la foto ofical del encuentro, que se sacaron los seis parados con el fondo del Golfo Nuevo y las banderas de las sesis provincias, en una zona cercana a El Indio, a pocas cuadras de donde se realizan las deliberaciones.<\/p>\n\n\n\n<p>Este jueves trascendi\u00f3 que el eje central girar\u00e1 alrededor del reparto de fondos, una vieja discusi\u00f3n entre las provincias y los gobiernos centrales, que en este caso gener\u00f3 tensiones de extrema gravedad cuando el presidente Javier Milei y su ministro de Econom\u00eda, Luis &#8220;Toto&#8221; Caputo, decidieron cortar fondos a las provincias, generando un desfinanciamiento que a muchas de ellas las pone en serias dificultades econ\u00f3micas y financieras.<\/p>\n\n\n\n<p>En este sentido, los gobernadores patag\u00f3nicos tendr\u00edan acordado desde la semana pasada con el resto de los jefes territoriales del pa\u00eds (en verdad, los otros 17 mandatarios provinciales m\u00e1s el jefe de Gobierno de la Ciudad de Buenos Aires) un nuevo texto que modifique la Ley de Coparticipaci\u00f3n de Recursos Fiscales (tal su denominaci\u00f3n t\u00e9cnica) y mejore sensiblemente los ingresos de todas las jurisdicciones del pa\u00eds, lo cual va a mejorar los ingresos de todas ellas sin necesidad de negociar con el Gobierno nacional.<\/p>\n\n\n\n<p>Con el probable anuncio del proyecto de ley que se har\u00eda este jueves, se iniciar\u00eda un camino parlamentario que incluye un ingreso del proyecto por el Senado y luego de una media sanci\u00f3n casi asegurada, una confirmaci\u00f3n por parte de la C\u00e1mara de Diputados, en donde los gobernadores descuentan conseguir la mayor\u00eda simple para imponer la ley.<\/p>\n\n\n\n<p>Luego vendr\u00eda una tensi\u00f3n natural con el Poder Ejecutivo, ya que se descuenta que si una ley de este tipo avanza, ser\u00e1 vetada por el Presidente. El regreso al Parlamento requerir\u00e1, entonces, de dos tercios de la C\u00e1mara de Diputados que, seg\u00fan dicen fuentes cercanas a los gobernadores, se podr\u00eda conseguir para que la ley sea ratificada y los fondos empiecen a repartirse este mismo a\u00f1o de una manera m\u00e1s beneficiosa para las provincias.<\/p>\n\n\n\n<p>El objetivo de los gobernadores es dar una clara se\u00f1al de autonom\u00eda del poder central, sin que esto signifique un &#8220;golpe institucional&#8221;, ni una actitud &#8220;separatista&#8221;, ni mucho menos. Si lo consiguen, eso s\u00edes seguro, habr\u00e1 un antes y un despu\u00e9s en la relaci\u00f3n entre las provincias y Milei.<\/p>\n\n\n\n<p>La Casa Rosada ya tendr\u00eda alguna se\u00f1al de lo que se podr\u00eda venir. Al menos, eso se dio a entender cuando se confirm\u00f3 que el ministro de Interior, Guillermo Francos, hab\u00eda desistido de su intenci\u00f3n inicial de ser el representante del Gobierno nacional en esta Cumbre de la Patagonia. El otro que sonaba como asistente es el polifac\u00e9tico Daniel Scioli, ahora ministro de Turismo del gobierno libertario, que si bien adelant\u00f3 que podr\u00eda estar presente, hasta entrada la ma\u00f1ana no hab\u00eda arribado a Puerto Madryn.<\/p>\n\n\n\n<p><strong>Temario<\/strong><\/p>\n\n\n\n<p>A partir de las 11 se dio inicio a una reuni\u00f3n de trabajo de la que participan todos los mandatarios provinciales, y durante la cual se prev\u00e9, entre otras cosas, abordar la creaci\u00f3n de una agencia de desarrollo patag\u00f3nico, delinear pol\u00edticas tendientes a fomentar la inversi\u00f3n privada, y, finalmente, avanzar en la realizaci\u00f3n de una serie de obras p\u00fablicas que deber\u00edan haber sido efectuadas por el propio Gobierno Nacional.<\/p>\n\n\n\n<p>Posteriormente, y en el mismo Hotel Rayentray, al rededor de las 15:30, est\u00e1 prevista la realizaci\u00f3n de un acto p\u00fablico para dar lectura a las conclusiones de la primera parte del encuentro de los gobernadores, al t\u00e9rmino del cual los mandatarios provinciales estar\u00e1n brindando una conferencia de prensa para todos los medios presentes en el lugar.<\/p>\n\n\n\n<p>La jornada cerrar\u00e1, por \u00faltimo, con una nueva reuni\u00f3n de trabajo que mantendr\u00e1n los seis gobernadores con los legisladores nacionales de cada una de las provincias que integran la regi\u00f3n, en el marco de la cual se prev\u00e9 la creaci\u00f3n de un Foro de Legisladores Nacionales de la Patagonia.<\/p>\n\n\n\n<p><strong>Fuente: www.diariojornada.com.ar<\/strong><\/p>\n","protected":false},"excerpt":{"rendered":"<p>El gobernador de Chubut, Ignacio \u201cNacho\u201d Torres, es el anfitri\u00f3n desde este jueves por la ma\u00f1ana del segundo \u201cEncuentro de Gobernadores de la Regi\u00f3n Patag\u00f3nica\u201d, el cual se lleva adelante en el Hotel Rayentray de la ciudad de Puerto Madryn y cuenta con la destacada participaci\u00f3n de todos los mandatarios provinciales de la regi\u00f3n. Los [&hellip;]<\/p>\n","protected":false},"author":5,"featured_media":3544,"comment_status":"open","ping_status":"open","sticky":false,"template":"","format":"standard","meta":[],"categories":[1],"tags":[],"_links":{"self":[{"href":"https:\/\/politicapatagonica.com\/index.php\/wp-json\/wp\/v2\/posts\/3543"}],"collection":[{"href":"https:\/\/politicapatagonica.com\/index.php\/wp-json\/wp\/v2\/posts"}],"about":[{"href":"https:\/\/politicapatagonica.com\/index.php\/wp-json\/wp\/v2\/types\/post"}],"author":[{"embeddable":true,"href":"https:\/\/politicapatagonica.com\/index.php\/wp-json\/wp\/v2\/users\/5"}],"replies":[{"embeddable":true,"href":"https:\/\/politicapatagonica.com\/index.php\/wp-json\/wp\/v2\/comments?post=3543"}],"version-history":[{"count":1,"href":"https:\/\/politicapatagonica.com\/index.php\/wp-json\/wp\/v2\/posts\/3543\/revisions"}],"predecessor-version":[{"id":3545,"href":"https:\/\/politicapatagonica.com\/index.php\/wp-json\/wp\/v2\/posts\/3543\/revisions\/3545"}],"wp:featuredmedia":[{"embeddable":true,"href":"https:\/\/politicapatagonica.com\/index.php\/wp-json\/wp\/v2\/media\/3544"}],"wp:attachment":[{"href":"https:\/\/politicapatagonica.com\/index.php\/wp-json\/wp\/v2\/media?parent=3543"}],"wp:term":[{"taxonomy":"category","embeddable":true,"href":"https:\/\/politicapatagonica.com\/index.php\/wp-json\/wp\/v2\/categories?post=3543"},{"taxonomy":"post_tag","embeddable":true,"href":"https:\/\/politicapatagonica.com\/index.php\/wp-json\/wp\/v2\/tags?post=3543"}],"curies":[{"name":"wp","href":"https:\/\/api.w.org\/{rel}","templated":true}]}}