{"id":3540,"date":"2024-03-07T19:04:37","date_gmt":"2024-03-07T19:04:37","guid":{"rendered":"https:\/\/politicapatagonica.com\/?p=3540"},"modified":"2024-03-11T18:26:32","modified_gmt":"2024-03-11T18:26:32","slug":"el-gobierno-de-santa-cruz-sacara-un-buque-a-la-pesca-para-abastecer-los-comedores-escolares","status":"publish","type":"post","link":"https:\/\/politicapatagonica.com\/index.php\/2024\/03\/07\/el-gobierno-de-santa-cruz-sacara-un-buque-a-la-pesca-para-abastecer-los-comedores-escolares\/","title":{"rendered":"El Gobierno de Santa Cruz sacar\u00e1 un buque a la pesca para abastecer los comedores escolares"},"content":{"rendered":"\n<p>Tras una recorrida por el puerto de Caleta Paula,<strong> el gobernador de Santa Cruz, Claudio Vidal anticip\u00f3 en rueda de prensa que \u201cel 15 de marzo el (buque pesquero) Liliana estar\u00eda en condiciones de navegar\u201d. La idea es que la captura sea destinada a los comedores escolares de toda la provincia.<\/strong><\/p>\n\n\n\n<p>Acompa\u00f1ado por el intendente de Caleta Olivia, Pablo Carrizo, el primer mandatario provincial dijo que \u201cen estos momentos nos encontramos recorriendo la reparaci\u00f3n del <strong>buque Liliana que todos saben es el barco de la provincia, por lo cual, lo queremos poner en condiciones para poder pescar y abastecer a los comedores, escuelas de Santa Cruz debido a que es un momento econ\u00f3mico muy complicado<\/strong> porque hay casi un 50 por ciento de pobreza\u201d, reconoci\u00f3.<\/p>\n\n\n\n<p>Luego apunt\u00f3 que \u201cel avance del Liliana es positivo porque la gente trabaja arduamente para terminar las reparaciones, y el 15 de marzo posiblemente estar\u00eda en condiciones para navegar. En primer lugar su funci\u00f3n es pescar y para que, adem\u00e1s, el producto llegue a los platos de los j\u00f3venes. Por otro lado<strong>, no sabemos la inversi\u00f3n que tiene porque al ser una embarcaci\u00f3n con sus a\u00f1os y a veces es dif\u00edcil tener un dato preciso del da\u00f1o al reparar, pero lo importante es que se est\u00e1 haciendo algo que no se hizo antes y que va a ser en beneficio de la sociedad\u201d<\/strong>, manifest\u00f3.<\/p>\n\n\n\n<p><strong>Ampliaci\u00f3n del astillero para reparar buques nacionales y extranjeros<\/strong><\/p>\n\n\n\n<p>Vidal se mostr\u00f3 conforme con el avance de la obra y tambi\u00e9n confes\u00f3 que \u201c<strong>estamos escuchando algunas ideas desde el (sector) privado para ampliar este astillero porque es algo importante, m\u00e1s al sur no hay nada y qu\u00e9 mejor para ofrecer un gran servicio a toda la flota de buques que tiene la Argentina y<\/strong> barcos extranjeros. Por su parte -a\u00f1adi\u00f3-, es la segunda vez que visito el puerto despu\u00e9s de haber asumido y la tercera vez que vengo a la localidad de Caleta Olivia\u201d.<\/p>\n\n\n\n<h4><strong>Planta de Barillari<\/strong><\/h4>\n\n\n\n<p>Por otra parte,<strong> al ser consultado sobre la planta de la pesquera Barillari, el gobernador se\u00f1al\u00f3: \u201cCon relaci\u00f3n al tema hay una cuesti\u00f3n legal que resolver y estamos en dialogo con diferentes interesados.<\/strong> Considero que siempre debe estar produciendo y generando empleo adem\u00e1s de ser parte de lo que promovemos como es generar empleo y salarios dignos\u201d, dijo categ\u00f3rico.<\/p>\n\n\n\n<p><strong>Fuente: www.diariocronica.com.ar<\/strong><\/p>\n","protected":false},"excerpt":{"rendered":"<p>Tras una recorrida por el puerto de Caleta Paula, el gobernador de Santa Cruz, Claudio Vidal anticip\u00f3 en rueda de prensa que \u201cel 15 de marzo el (buque pesquero) Liliana estar\u00eda en condiciones de navegar\u201d. La idea es que la captura sea destinada a los comedores escolares de toda la provincia. Acompa\u00f1ado por el intendente [&hellip;]<\/p>\n","protected":false},"author":5,"featured_media":3541,"comment_status":"open","ping_status":"open","sticky":false,"template":"","format":"standard","meta":[],"categories":[8],"tags":[],"_links":{"self":[{"href":"https:\/\/politicapatagonica.com\/index.php\/wp-json\/wp\/v2\/posts\/3540"}],"collection":[{"href":"https:\/\/politicapatagonica.com\/index.php\/wp-json\/wp\/v2\/posts"}],"about":[{"href":"https:\/\/politicapatagonica.com\/index.php\/wp-json\/wp\/v2\/types\/post"}],"author":[{"embeddable":true,"href":"https:\/\/politicapatagonica.com\/index.php\/wp-json\/wp\/v2\/users\/5"}],"replies":[{"embeddable":true,"href":"https:\/\/politicapatagonica.com\/index.php\/wp-json\/wp\/v2\/comments?post=3540"}],"version-history":[{"count":1,"href":"https:\/\/politicapatagonica.com\/index.php\/wp-json\/wp\/v2\/posts\/3540\/revisions"}],"predecessor-version":[{"id":3542,"href":"https:\/\/politicapatagonica.com\/index.php\/wp-json\/wp\/v2\/posts\/3540\/revisions\/3542"}],"wp:featuredmedia":[{"embeddable":true,"href":"https:\/\/politicapatagonica.com\/index.php\/wp-json\/wp\/v2\/media\/3541"}],"wp:attachment":[{"href":"https:\/\/politicapatagonica.com\/index.php\/wp-json\/wp\/v2\/media?parent=3540"}],"wp:term":[{"taxonomy":"category","embeddable":true,"href":"https:\/\/politicapatagonica.com\/index.php\/wp-json\/wp\/v2\/categories?post=3540"},{"taxonomy":"post_tag","embeddable":true,"href":"https:\/\/politicapatagonica.com\/index.php\/wp-json\/wp\/v2\/tags?post=3540"}],"curies":[{"name":"wp","href":"https:\/\/api.w.org\/{rel}","templated":true}]}}