{"id":3525,"date":"2024-03-06T20:29:25","date_gmt":"2024-03-06T20:29:25","guid":{"rendered":"https:\/\/politicapatagonica.com\/?p=3525"},"modified":"2024-03-07T10:11:24","modified_gmt":"2024-03-07T10:11:24","slug":"rolando-figueroa-dio-asueto-a-las-mujeres-por-el-8m","status":"publish","type":"post","link":"https:\/\/politicapatagonica.com\/index.php\/2024\/03\/06\/rolando-figueroa-dio-asueto-a-las-mujeres-por-el-8m\/","title":{"rendered":"El gobernador neuquino Rolando Figueroa dio asueto a las mujeres por el 8M"},"content":{"rendered":"\n<p>En medio de una creciente ola de violencia y femicidios en el pa\u00eds, el gobernador&nbsp;Rolando Figueroa&nbsp;present\u00f3 un decreto para que todas las<strong>&nbsp;empleadas p\u00fablicas de Neuqu\u00e9n&nbsp;<\/strong>queden eximidas de presentarse a trabajar, con motivo del&nbsp;D\u00eda Internacional de la Mujer el&nbsp;<strong>8 de marzo.<\/strong><\/p>\n\n\n\n<p>En el mismo se expresa que la disposici\u00f3n se lleva adelante como<strong>&nbsp;\u201cgesto solidario de adhesi\u00f3n al Paro Internacional de Mujeres 8M\u201d<\/strong>&nbsp;y que busca&nbsp;<strong>posibilitar la participaci\u00f3n activa en las diferentes actividades y propuestas que se desarrollen el pr\u00f3ximo viernes en la provincia.&nbsp;<\/strong><\/p>\n\n\n\n<p>Sin embargo, aquellos trabajadores neuquinos que se desempe\u00f1en en&nbsp;<strong>\u00e1reas de servicios esenciales, quedan eximidos<\/strong>&nbsp;de la disposici\u00f3n, para poder garantizar los servicios a la comunidad.<\/p>\n\n\n\n<p>El&nbsp;D\u00eda Internacional de la Mujer, que se conmemora todos los a\u00f1os el&nbsp;8 de marzo, representa una oportunidad crucial para reflexionar sobre los avances y los desaf\u00edos persistentes en la lucha hacia la&nbsp;igualdad de g\u00e9nero.<\/p>\n\n\n\n<p><strong>Fuente: www.mejorinformado.com<\/strong><\/p>\n","protected":false},"excerpt":{"rendered":"<p>En medio de una creciente ola de violencia y femicidios en el pa\u00eds, el gobernador&nbsp;Rolando Figueroa&nbsp;present\u00f3 un decreto para que todas las&nbsp;empleadas p\u00fablicas de Neuqu\u00e9n&nbsp;queden eximidas de presentarse a trabajar, con motivo del&nbsp;D\u00eda Internacional de la Mujer el&nbsp;8 de marzo. En el mismo se expresa que la disposici\u00f3n se lleva adelante como&nbsp;\u201cgesto solidario de adhesi\u00f3n [&hellip;]<\/p>\n","protected":false},"author":5,"featured_media":3526,"comment_status":"open","ping_status":"open","sticky":false,"template":"","format":"standard","meta":[],"categories":[9],"tags":[],"_links":{"self":[{"href":"https:\/\/politicapatagonica.com\/index.php\/wp-json\/wp\/v2\/posts\/3525"}],"collection":[{"href":"https:\/\/politicapatagonica.com\/index.php\/wp-json\/wp\/v2\/posts"}],"about":[{"href":"https:\/\/politicapatagonica.com\/index.php\/wp-json\/wp\/v2\/types\/post"}],"author":[{"embeddable":true,"href":"https:\/\/politicapatagonica.com\/index.php\/wp-json\/wp\/v2\/users\/5"}],"replies":[{"embeddable":true,"href":"https:\/\/politicapatagonica.com\/index.php\/wp-json\/wp\/v2\/comments?post=3525"}],"version-history":[{"count":2,"href":"https:\/\/politicapatagonica.com\/index.php\/wp-json\/wp\/v2\/posts\/3525\/revisions"}],"predecessor-version":[{"id":3539,"href":"https:\/\/politicapatagonica.com\/index.php\/wp-json\/wp\/v2\/posts\/3525\/revisions\/3539"}],"wp:featuredmedia":[{"embeddable":true,"href":"https:\/\/politicapatagonica.com\/index.php\/wp-json\/wp\/v2\/media\/3526"}],"wp:attachment":[{"href":"https:\/\/politicapatagonica.com\/index.php\/wp-json\/wp\/v2\/media?parent=3525"}],"wp:term":[{"taxonomy":"category","embeddable":true,"href":"https:\/\/politicapatagonica.com\/index.php\/wp-json\/wp\/v2\/categories?post=3525"},{"taxonomy":"post_tag","embeddable":true,"href":"https:\/\/politicapatagonica.com\/index.php\/wp-json\/wp\/v2\/tags?post=3525"}],"curies":[{"name":"wp","href":"https:\/\/api.w.org\/{rel}","templated":true}]}}