{"id":3522,"date":"2024-03-06T13:14:37","date_gmt":"2024-03-06T13:14:37","guid":{"rendered":"https:\/\/politicapatagonica.com\/?p=3522"},"modified":"2024-03-07T10:09:47","modified_gmt":"2024-03-07T10:09:47","slug":"la-agencia-tiene-un-rol-clave-para-la-provincia","status":"publish","type":"post","link":"https:\/\/politicapatagonica.com\/index.php\/2024\/03\/06\/la-agencia-tiene-un-rol-clave-para-la-provincia\/","title":{"rendered":"Anticiparon que en Tierra del Fuego &#8220;determinados productos dejar\u00e1n de producirse&#8221;"},"content":{"rendered":"\n<p>La Agencia de Innovaci\u00f3n Tierra del Fuego aparece como una de las principales herramientas implementadas por el Gobierno para <strong>adecuar la producci\u00f3n fueguina a los nuevos requerimientos del mercado<\/strong>, especialmente en lo vinculado con la Econom\u00eda del Conocimiento.<\/p>\n\n\n\n<p>Anal\u00eda Cubino, presidenta de la AITF que fuera creada a fines del a\u00f1o pasado, asegur\u00f3 que la Agencia tiene el desaf\u00edo \u201cde trabajar con las empresas y ampliar la posibilidad de incorporar, en un futuro cercano, nuevos productos en la industria, porque es inminente que <strong>determinados productos quedar\u00e1n obsoletos y dejar\u00e1n de producirse en Tierra del Fuego<\/strong>\u201d.<\/p>\n\n\n\n<p>Para alcanzar ese objetivo \u201ctenemos que trabajar para que esas empresas se queden en la Provincia, que los trabajadores sigan con empleo y que est\u00e9n fortalecidos en esta realidad, que es una realidad mundial\u201d, indic\u00f3.<\/p>\n\n\n\n<p>La ex ministra de Educaci\u00f3n dijo que \u201cla idea es sostener los trabajos de todos los que estamos en Tierra del Fuego, y especialmente que haya una mirada a futuro para que nuestros chicos y chicas tengan trabajo y se queden en la Provincia\u201d, y que por ello la gesti\u00f3n de la Agencia de Innovaci\u00f3n \u201catravesar\u00e1 a todos los ministerios, aunque especialmente se har\u00e1 un trabajo mancomunado con el Ministerio de Producci\u00f3n\u201d.<\/p>\n\n\n\n<p>En ese marco anunci\u00f3 la inminente puesta en funcionamiento de un Consejo Productivo de Innovaci\u00f3n \u201cque va a implicar tambi\u00e9n una transformaci\u00f3n educativa en los niveles secundario y terciario, y que va a ser acompa\u00f1ada por los docentes\u201d.<\/p>\n\n\n\n<p>La titular de la Agencia destac\u00f3 que durante la primera gesti\u00f3n del Gobernador Melella \u201cya son 1000 las personas que han sido formadas en la Econom\u00eda del Conocimiento\u201d, se\u00f1alando adem\u00e1s la importancia de la recientemente lanzada \u2018Bolsa de Talento Fueguino para la Industria Tecnol\u00f3gica\u2019.<\/p>\n\n\n\n<p>\u201cEste a\u00f1o, en R\u00edo Grande, ya hay m\u00e1s de 1.200 inscriptos en la carrera de Tecnicatura Superior en Ciencia de Datos e Inteligencia Artificial, por lo que todo sucede muy r\u00e1pido y el Estado tiene que estar muy fuerte y presente para mediar entre la industria tecnol\u00f3gica y nuestros chicos\u201d, concluy\u00f3.<\/p>\n\n\n\n<p><strong>Fuente: www.eldiariodelfindelmundo.com<\/strong><\/p>\n","protected":false},"excerpt":{"rendered":"<p>La Agencia de Innovaci\u00f3n Tierra del Fuego aparece como una de las principales herramientas implementadas por el Gobierno para adecuar la producci\u00f3n fueguina a los nuevos requerimientos del mercado, especialmente en lo vinculado con la Econom\u00eda del Conocimiento. Anal\u00eda Cubino, presidenta de la AITF que fuera creada a fines del a\u00f1o pasado, asegur\u00f3 que la [&hellip;]<\/p>\n","protected":false},"author":5,"featured_media":3523,"comment_status":"open","ping_status":"open","sticky":false,"template":"","format":"standard","meta":[],"categories":[11],"tags":[],"_links":{"self":[{"href":"https:\/\/politicapatagonica.com\/index.php\/wp-json\/wp\/v2\/posts\/3522"}],"collection":[{"href":"https:\/\/politicapatagonica.com\/index.php\/wp-json\/wp\/v2\/posts"}],"about":[{"href":"https:\/\/politicapatagonica.com\/index.php\/wp-json\/wp\/v2\/types\/post"}],"author":[{"embeddable":true,"href":"https:\/\/politicapatagonica.com\/index.php\/wp-json\/wp\/v2\/users\/5"}],"replies":[{"embeddable":true,"href":"https:\/\/politicapatagonica.com\/index.php\/wp-json\/wp\/v2\/comments?post=3522"}],"version-history":[{"count":3,"href":"https:\/\/politicapatagonica.com\/index.php\/wp-json\/wp\/v2\/posts\/3522\/revisions"}],"predecessor-version":[{"id":3538,"href":"https:\/\/politicapatagonica.com\/index.php\/wp-json\/wp\/v2\/posts\/3522\/revisions\/3538"}],"wp:featuredmedia":[{"embeddable":true,"href":"https:\/\/politicapatagonica.com\/index.php\/wp-json\/wp\/v2\/media\/3523"}],"wp:attachment":[{"href":"https:\/\/politicapatagonica.com\/index.php\/wp-json\/wp\/v2\/media?parent=3522"}],"wp:term":[{"taxonomy":"category","embeddable":true,"href":"https:\/\/politicapatagonica.com\/index.php\/wp-json\/wp\/v2\/categories?post=3522"},{"taxonomy":"post_tag","embeddable":true,"href":"https:\/\/politicapatagonica.com\/index.php\/wp-json\/wp\/v2\/tags?post=3522"}],"curies":[{"name":"wp","href":"https:\/\/api.w.org\/{rel}","templated":true}]}}