{"id":3518,"date":"2024-03-05T21:20:45","date_gmt":"2024-03-05T21:20:45","guid":{"rendered":"https:\/\/politicapatagonica.com\/?p=3518"},"modified":"2024-03-07T10:07:44","modified_gmt":"2024-03-07T10:07:44","slug":"el-gobierno-provincial-aumentara-un-50-los-ingresos-brutos-al-sector-financiero","status":"publish","type":"post","link":"https:\/\/politicapatagonica.com\/index.php\/2024\/03\/05\/el-gobierno-provincial-aumentara-un-50-los-ingresos-brutos-al-sector-financiero\/","title":{"rendered":"El gobierno de La Pampa aumentar\u00e1 un 50% los ingresos brutos al sector financiero"},"content":{"rendered":"\n<p><strong>El gobernador de La Pampa, Sergio Ziliotto present\u00f3 en la C\u00e1mara de Diputados de la provincia los proyectos que conforman el denominado &#8220;aporte solidario&#8221;<\/strong>, y que permitir\u00e1 un refuerzo de alimentos a los sectores m\u00e1s vulnerables y la finalizaci\u00f3n de la obra p\u00fablica en la provincia, abandonada por el Gobierno Nacional.<\/p>\n\n\n\n<p>Los dos proyectos ingresaron alrededor de&nbsp; las 13 horas, <strong>&#8220;En momentos de crisis, m\u00e1s Estado presente&#8221;<\/strong>, public\u00f3 el mandatario provincial en su cuenta de X.&nbsp;<\/p>\n\n\n\n<p><strong>&#8220;Ante la grave crisis econ\u00f3mica y para garantizar alimentos a los sectores m\u00e1s vulnerables y sostener y finalizar la obra p\u00fablica en nuestra provincia, presentamos dos proyectos de ley&#8221;<\/strong>, a\u00f1adi\u00f3 Ziliotto.<\/p>\n\n\n\n<p><strong>El primero, denominado &#8220;Acceso a alimentos&#8221;, se implementar\u00e1 &#8220;a trav\u00e9s de la Tarjeta Social Pampeana, exclusiva para compra de alimentos&#8221;.&nbsp;<\/strong><\/p>\n\n\n\n<p>El gobernador puntualiz\u00f3 que &#8220;este proyecto tiene 2 ejes:<strong> Reasignar partidas presupuestarias <\/strong>que el Gobierno Provincial ejecutaba discrecionalmente para destinarlas exclusivamente a alimentaci\u00f3n de grupos vulnerables&#8221;.<\/p>\n\n\n\n<p>Adem\u00e1s, se incluye el <strong>\u00edtem &#8220;Aportes Extraordinarios Solidarios por 180 d\u00edas&#8221;<\/strong>.<\/p>\n\n\n\n<p>En lo correspondiente al sector financiero, el proyecto plantea &#8220;un incremento de tasa de ingresos brutos&#8221;.&nbsp;<strong>Seg\u00fan pudo saber este diario, el aumento de esa al\u00edcuota ser\u00e1 del 50% sobre la base del 9,1% que se tributa actualmente.<\/strong><\/p>\n\n\n\n<p>En cuanto a los propietarios de inmueble, pagar\u00e1n quienes tengan&nbsp;<strong>&#8220;5 o m\u00e1s inmuebles urbanos, o cuya totalidad de inmuebles superen la valuaci\u00f3n fiscal de $50 millones&#8221;<\/strong>.&nbsp;<\/p>\n\n\n\n<p>El aporte suma tambi\u00e9n a los &#8220;propietarios de veh\u00edculos cuyo valor, a enero de 2024, supere los $40 millones. No se afectar\u00e1 a inmuebles ni a veh\u00edculos relacionados con la producci\u00f3n pampeana&#8221;.&nbsp;<\/p>\n\n\n\n<p>Tambi\u00e9n suma a los &#8220;altos salarios p\u00fablicos provinciales: Cada poder del Estado va a determinar a partir de qu\u00e9 monto aplica el aporte&#8221;.<\/p>\n\n\n\n<p><strong>El aporte solidario alcanzar\u00e1 a 4.000 contribuyentes y busca recaudar 10 mil millones de pesos.<\/strong><\/p>\n\n\n\n<p><strong>Obra p\u00fablica<\/strong><\/p>\n\n\n\n<p><strong>El segundo proyecto apunta a la &#8220;continuidad y finalizaci\u00f3n de la obra p\u00fablica nacional&#8221;.<\/strong><\/p>\n\n\n\n<p>Ziliotto detall\u00f3 que &#8220;esta segunda iniciativa es para que se nos autorice a realizar actos administrativos y convenios para la concreci\u00f3n de las mismas. Al<strong> asegurar la continuidad <\/strong>de estas obras, no s\u00f3lo estamos protegiendo las <strong>inversiones realizadas, sino fundamentalmente salvaguardando los empleos,<\/strong> que representan el sustento de numerosos hogares pampeanos. Nuestro modelo de desarrollo protege y potencia a las actividades econ\u00f3micas y la producci\u00f3n, que generan trabajo y m\u00e1s dignidad para las familias. La Pampa es crecimiento con inclusi\u00f3n&#8221;.<\/p>\n\n\n\n<p>Los diputados de la oposici\u00f3n esperan el ingreso de los proyectos al sistema inform\u00e1tico de la Legislatura para hacer un an\u00e1lisis de ambas iniciativas.<\/p>\n\n\n\n<p><strong>Fuentes: www.eldiariodelapampa.com.ar<\/strong><\/p>\n","protected":false},"excerpt":{"rendered":"<p>El gobernador de La Pampa, Sergio Ziliotto present\u00f3 en la C\u00e1mara de Diputados de la provincia los proyectos que conforman el denominado &#8220;aporte solidario&#8221;, y que permitir\u00e1 un refuerzo de alimentos a los sectores m\u00e1s vulnerables y la finalizaci\u00f3n de la obra p\u00fablica en la provincia, abandonada por el Gobierno Nacional. Los dos proyectos ingresaron [&hellip;]<\/p>\n","protected":false},"author":5,"featured_media":3519,"comment_status":"open","ping_status":"open","sticky":false,"template":"","format":"standard","meta":[],"categories":[10],"tags":[],"_links":{"self":[{"href":"https:\/\/politicapatagonica.com\/index.php\/wp-json\/wp\/v2\/posts\/3518"}],"collection":[{"href":"https:\/\/politicapatagonica.com\/index.php\/wp-json\/wp\/v2\/posts"}],"about":[{"href":"https:\/\/politicapatagonica.com\/index.php\/wp-json\/wp\/v2\/types\/post"}],"author":[{"embeddable":true,"href":"https:\/\/politicapatagonica.com\/index.php\/wp-json\/wp\/v2\/users\/5"}],"replies":[{"embeddable":true,"href":"https:\/\/politicapatagonica.com\/index.php\/wp-json\/wp\/v2\/comments?post=3518"}],"version-history":[{"count":2,"href":"https:\/\/politicapatagonica.com\/index.php\/wp-json\/wp\/v2\/posts\/3518\/revisions"}],"predecessor-version":[{"id":3535,"href":"https:\/\/politicapatagonica.com\/index.php\/wp-json\/wp\/v2\/posts\/3518\/revisions\/3535"}],"wp:featuredmedia":[{"embeddable":true,"href":"https:\/\/politicapatagonica.com\/index.php\/wp-json\/wp\/v2\/media\/3519"}],"wp:attachment":[{"href":"https:\/\/politicapatagonica.com\/index.php\/wp-json\/wp\/v2\/media?parent=3518"}],"wp:term":[{"taxonomy":"category","embeddable":true,"href":"https:\/\/politicapatagonica.com\/index.php\/wp-json\/wp\/v2\/categories?post=3518"},{"taxonomy":"post_tag","embeddable":true,"href":"https:\/\/politicapatagonica.com\/index.php\/wp-json\/wp\/v2\/tags?post=3518"}],"curies":[{"name":"wp","href":"https:\/\/api.w.org\/{rel}","templated":true}]}}