{"id":3487,"date":"2024-02-29T12:43:42","date_gmt":"2024-02-29T12:43:42","guid":{"rendered":"https:\/\/politicapatagonica.com\/?p=3487"},"modified":"2024-03-01T10:37:43","modified_gmt":"2024-03-01T10:37:43","slug":"expectativa-por-el-primer-discurso-de-gestion-de-claudio-vidal-en-santa-cruz","status":"publish","type":"post","link":"https:\/\/politicapatagonica.com\/index.php\/2024\/02\/29\/expectativa-por-el-primer-discurso-de-gestion-de-claudio-vidal-en-santa-cruz\/","title":{"rendered":"Expectativa por el primer discurso de gesti\u00f3n de Claudio Vidal en Santa Cruz"},"content":{"rendered":"\n<p>Este viernes 1 de marzo, el gobernador<strong>\u00a0Claudio Vidal<\/strong>\u00a0encabezar\u00e1 -por primera vez- el acto de apertura del 50\u00b0 per\u00edodo de sesiones ordinarias de la\u00a0<strong>C\u00e1mara de Diputados<\/strong>\u00a0de Santa Cruz. El mismo tendr\u00e1 lugar a las 15:00 en el Sal\u00f3n Auditorio de la iglesia \u201c<strong>Bet-El<\/strong>\u201c, sita en calle N\u00b0 1 y 50 del barrio San Benito de\u00a0<strong>R\u00edo Gallegos<\/strong>.<\/p>\n\n\n\n<p>En la oportunidad, el primer mandatario provincial ser\u00e1 recibido por el vicegobernador&nbsp;<strong>Fabi\u00e1n Leguizam\u00f3n<\/strong>, junto a quien se trasladar\u00e1 hasta el recinto, donde se dirigir\u00e1 a la ciudadan\u00eda. Y estar\u00e1&nbsp; acompa\u00f1ado por los integrantes de su Gabinete provincial.<\/p>\n\n\n\n<p><strong>El discurso<\/strong><\/p>\n\n\n\n<p><strong>La Opini\u00f3n Austral&nbsp;<\/strong>indag\u00f3 entre funcionarios y legisladores lo que creen y esperan como contenido en el discurso inaugural de&nbsp;<strong>Claudio Vidal<\/strong>.<\/p>\n\n\n\n<p>Existe una coincidencia en que el gobernador realizar\u00e1 un exhaustivo balance de c\u00f3mo encontr\u00f3 al Estado provincial al momento de su asunci\u00f3n y qu\u00e9 es lo que ha realizado en estos casi tres meses que lleva a cargo del mismo.<\/p>\n\n\n\n<p>As\u00ed, el jefe de Gabinete,&nbsp;<strong>Daniel \u00c1lvarez<\/strong>,se\u00f1al\u00f3 que \u201cla l\u00ednea (integral) del discurso ir\u00e1 sobre la situaci\u00f3n econ\u00f3mico-financiera en la que recibimos la administraci\u00f3n\u201d. Entre ese detalle se referir\u00eda a \u201clas&nbsp;<strong>deudas acumuladas y no canceladas<\/strong>, el estado interno de los organismos, tanto patrimoniales como el estado de los edificios y el parque automotor\u201d, agregando un tema crucial como lo es la \u201c<strong>infraestructura de los colegios y hospitales<\/strong>,&nbsp;<strong>etc<\/strong>.\u201d, se\u00f1al\u00f3.<\/p>\n\n\n\n<p>La manda constitucional tambi\u00e9n plantea que en el discurso el gobernador debe dar cuenta de las pol\u00edticas a implementar a lo largo de este a\u00f1o. Y as\u00ed ser\u00e1. \u201cIr\u00e1 en sentido de&nbsp;<strong>hacia d\u00f3nde se apunta en el mediano plazo<\/strong>&nbsp;respecto de la<strong>&nbsp;generaci\u00f3n de empleo&nbsp;<\/strong>y mejoramiento de la econom\u00eda en base a&nbsp;<strong>la<\/strong>&nbsp;<strong>producci\u00f3n y la participaci\u00f3n del sector privado&nbsp;<\/strong>en este esquema\u201d, remarc\u00f3 el jefe de Gabinete del Gobierno provincial.<\/p>\n\n\n\n<p>Coincidi\u00f3 en ese sentido el vicegobernador&nbsp;<strong>Fabi\u00e1n Leguizam\u00f3n<\/strong>: \u201cHablar\u00e1 de c\u00f3mo recibi\u00f3 la provincia, qu\u00e9 hizo en estos meses y hacia d\u00f3nde va\u201d, se\u00f1al\u00f3 a este diario y sostuvo que \u201ctambi\u00e9n hablar\u00e1 de las cuestiones irregulares que encontr\u00f3 y qu\u00e9 es lo que piensa hacer respecto de eso\u201d.<\/p>\n\n\n\n<p><strong>Expectativas<\/strong><\/p>\n\n\n\n<p>Ser\u00e1n los&nbsp;<strong>24 diputados<\/strong>&nbsp;quienes escuchar\u00e1n atentos, en sus bancas, lo que el gobernador tenga que decir. M\u00e1s all\u00e1 de eso, como el discurso ser\u00e1 transmitido en directo a trav\u00e9s de los medios p\u00fablicos de la provincia, las redes sociales del Gobierno y en particular por la web de&nbsp;<strong>laopinionaustral.com.ar<\/strong>, los santacruce\u00f1os en general podr\u00e1n escuchar lo que Claudio Vidal tenga para decir.<\/p>\n\n\n\n<p>Respecto a las expectativas que tienen los diputados sobre el tema, el referente de Cambia Santa Cruz,&nbsp;<strong>Pedro Mu\u00f1oz<\/strong>, sostuvo que \u201centre lo que estoy esperando est\u00e1 que en este discurso el gobernador d\u00e9&nbsp;<strong>un cuadro de situaci\u00f3n informado<\/strong>,<strong>&nbsp;concreto y real del estado de situaci\u00f3n con el que se encontr\u00f3 cuando asumi\u00f3<\/strong>\u201d y en consecuencia, \u201cdiga c\u00f3mo actuar\u00e1 en ese sentido, a partir de las auditor\u00edas que est\u00e1n realizando\u201d.<\/p>\n\n\n\n<p>El legislador tambi\u00e9n marc\u00f3 la necesidad de que en las palabras del gobernador \u201cse d\u00e9 cuenta de la situaci\u00f3n financiera de este momento y acciones que se llevar\u00e1n adelante, no s\u00f3lo en salvaguarda de los intereses de nuestra provincia ante la realidad nacional, sino en reestablecer los mecanismos de contralor para que redunde en beneficio de la poblaci\u00f3n\u201d. De igual manera, cree que debe hablar sobre \u201cc\u00f3mo ser\u00e1n las l\u00edneas de acci\u00f3n en cuestiones como salud, educaci\u00f3n y mejora de los salarios\u201d.<\/p>\n\n\n\n<p><strong>Invitados<\/strong><\/p>\n\n\n\n<p>Seg\u00fan indic\u00f3 el propio Gobierno, que se ha invitado a participar de la sesi\u00f3n inaugural a representantes de los distintos poderes del Estado, adem\u00e1s de otras autoridades provinciales.<\/p>\n\n\n\n<p>Tambi\u00e9n se curs\u00f3 invitaci\u00f3n a intendentes y presidentes de las distintos municipios y comisiones de fomento, adem\u00e1s de invitados especiales. En el caso del intendente de&nbsp;<strong>Caleta Olivia<\/strong>,&nbsp;<strong>Pablo Carrizo<\/strong>, este estar\u00eda presente porque, en su caso, la inauguraci\u00f3n del per\u00edodo legislativo del Concejo Deliberante est\u00e1 programada para el pr\u00f3ximo&nbsp;<strong>7&nbsp;de marzo<\/strong>.<\/p>\n\n\n\n<p><strong>Fuente: www.laopinionaustral.com.ar<\/strong><\/p>\n","protected":false},"excerpt":{"rendered":"<p>Este viernes 1 de marzo, el gobernador\u00a0Claudio Vidal\u00a0encabezar\u00e1 -por primera vez- el acto de apertura del 50\u00b0 per\u00edodo de sesiones ordinarias de la\u00a0C\u00e1mara de Diputados\u00a0de Santa Cruz. El mismo tendr\u00e1 lugar a las 15:00 en el Sal\u00f3n Auditorio de la iglesia \u201cBet-El\u201c, sita en calle N\u00b0 1 y 50 del barrio San Benito de\u00a0R\u00edo Gallegos. [&hellip;]<\/p>\n","protected":false},"author":5,"featured_media":3488,"comment_status":"open","ping_status":"open","sticky":false,"template":"","format":"standard","meta":[],"categories":[8],"tags":[],"_links":{"self":[{"href":"https:\/\/politicapatagonica.com\/index.php\/wp-json\/wp\/v2\/posts\/3487"}],"collection":[{"href":"https:\/\/politicapatagonica.com\/index.php\/wp-json\/wp\/v2\/posts"}],"about":[{"href":"https:\/\/politicapatagonica.com\/index.php\/wp-json\/wp\/v2\/types\/post"}],"author":[{"embeddable":true,"href":"https:\/\/politicapatagonica.com\/index.php\/wp-json\/wp\/v2\/users\/5"}],"replies":[{"embeddable":true,"href":"https:\/\/politicapatagonica.com\/index.php\/wp-json\/wp\/v2\/comments?post=3487"}],"version-history":[{"count":2,"href":"https:\/\/politicapatagonica.com\/index.php\/wp-json\/wp\/v2\/posts\/3487\/revisions"}],"predecessor-version":[{"id":3494,"href":"https:\/\/politicapatagonica.com\/index.php\/wp-json\/wp\/v2\/posts\/3487\/revisions\/3494"}],"wp:featuredmedia":[{"embeddable":true,"href":"https:\/\/politicapatagonica.com\/index.php\/wp-json\/wp\/v2\/media\/3488"}],"wp:attachment":[{"href":"https:\/\/politicapatagonica.com\/index.php\/wp-json\/wp\/v2\/media?parent=3487"}],"wp:term":[{"taxonomy":"category","embeddable":true,"href":"https:\/\/politicapatagonica.com\/index.php\/wp-json\/wp\/v2\/categories?post=3487"},{"taxonomy":"post_tag","embeddable":true,"href":"https:\/\/politicapatagonica.com\/index.php\/wp-json\/wp\/v2\/tags?post=3487"}],"curies":[{"name":"wp","href":"https:\/\/api.w.org\/{rel}","templated":true}]}}