{"id":3483,"date":"2024-02-28T15:27:10","date_gmt":"2024-02-28T15:27:10","guid":{"rendered":"https:\/\/politicapatagonica.com\/?p=3483"},"modified":"2024-02-28T15:27:11","modified_gmt":"2024-02-28T15:27:11","slug":"dura-acusacion-de-ignacio-torres-contra-patricia-bullrich-uso-este-conflicto-y-me-uso-a-mi","status":"publish","type":"post","link":"https:\/\/politicapatagonica.com\/index.php\/2024\/02\/28\/dura-acusacion-de-ignacio-torres-contra-patricia-bullrich-uso-este-conflicto-y-me-uso-a-mi\/","title":{"rendered":"Dura acusaci\u00f3n de Ignacio Torres contra Patricia Bullrich: \u201cUs\u00f3 este conflicto y me us\u00f3 a mi\u201d"},"content":{"rendered":"\n<p>El gobernador de Chubut,\u00a0<strong>Ignacio \u201cNacho\u201d Torres<\/strong>, acus\u00f3 a la ministra de Seguridad,\u00a0<strong>Patricia Bullrich<\/strong>,<strong>\u00a0<\/strong>de haber utilizado la pelea entre Naci\u00f3n y la provincia patag\u00f3nica por\u00a0la retenci\u00f3n de fondos coparticipables <strong>para \u201cplantarse frente a [Mauricio Macri] en una puja partidaria\u201d por la presidencia del Pro<\/strong>. \u201cSi hay una persona que uso este conflicto y que me us\u00f3 a mi fue ella\u201d, sentenci\u00f3 el referente de Juntos por el Cambio.<\/p>\n\n\n\n<p>Antes de arremeter contra la tambi\u00e9n excandidata a presidenta de la oposici\u00f3n, Torres reconoci\u00f3 que se le hace \u201cdif\u00edcil\u201d hablar en ciertos t\u00e9rmino de Bullrich ya que posee un \u201cvinculo de afecto\u201d con la funcionaria. \u201cSoy adem\u00e1s una persona que intenta poner siempre lo humano por encima de lo pol\u00edtico\u201d, insisti\u00f3. Tras la distinci\u00f3n, sin embargo, el gobernador procedi\u00f3 sin tapujos.\u00a0<strong>\u201cElla us\u00f3 este conflicto y me us\u00f3 a m\u00ed. La verdad lamento\u201d<\/strong>, admiti\u00f3 en di\u00e1logo con Eduardo Feinmann.<\/p>\n\n\n\n<p><strong>\u201cElla dijo \u2018esta es la m\u00eda\u2019 y apunt\u00f3 a buscar adhesiones\u201d<\/strong>, analiz\u00f3 Torres. Y opin\u00f3: \u201c<strong>Plantear una interna partidaria cuando el pa\u00eds est\u00e1 agonizando est\u00e1 muy alejado de la realidad de los argentinos\u201d.\u00a0<\/strong>Hizo adem\u00e1s una breve menci\u00f3n a<strong>\u00a0<\/strong>la figura de\u00a0<strong>Sebasti\u00e1n Garc\u00eda de Luca<\/strong>, uno de los asesores clave de Bullrich y quien tom\u00f3 la decisi\u00f3n de dejar su cargo como secretario de Articulaci\u00f3n Federal en medio del intenso tironeo con los mandatarios provinciales.<\/p>\n\n\n\n<p>\u201cUn placer acompa\u00f1arte hasta ac\u00e1 Bullrich. Gracias por tu confianza. Sos una gran dirigente y mejor persona. Sigo convencido del cambio que necesita nuestro pa\u00eds, con responsabilidad, respeto y federalismo\u201d, hab\u00eda escrito de Luca en\u00a0<em>X\u00a0<\/em>-antes Twitter-. A ello, el mandatario chubutense sum\u00f3: \u201cEs una p\u00e9rdida enorme para este gobierno. Era una persona que siempre estaba dispuesta a ayudar, que ten\u00eda vocaci\u00f3n de servicio y era buena persona.\u00a0<strong>Me doli\u00f3 mucho su alejamiento<\/strong>\u201d.<\/p>\n\n\n\n<p>Durante los \u00faltimos tramos de la entrevista, aprovech\u00f3 para reivindicar tambi\u00e9n a Mauricio Macri, a quien la ministra de Seguridad\u00a0inst\u00f3 el lunes a tomar partido dentro de la disputa entre Milei y Chubut. \u201cEn este tema hubo un claro posicionamiento de muchos dirigentes del Pro y\u00a0<strong>no hubo un posicionamiento de Mauricio Macri, que como presidente del Pro me hubiese gustado escuchar\u201d<\/strong>, fueron las palabras de Bullrich del d\u00eda de ayer.<\/p>\n\n\n\n<p>Contrario al pensamiento de la funcionaria, Torres revalid\u00f3: \u201c<strong>Mauricio se podr\u00eda haber subido a esto por intereses, pero tuvo un gesto de nobleza y se puso como mediador<\/strong>, algo que es muy dif\u00edcil. Sus \u00e1nimos siempre estuvieron direccionados a ayudar\u201d. El gobernador cerr\u00f3 el di\u00e1logo con un pedido a la expresidenta del Pro:\u00a0<strong>\u201cQue no haya una interna<\/strong>\u201d. \u201cSer\u00eda una locura. Macri tiene sobradas credenciales. Es expresidente, fundador del partido. Hay que reconocerle su lugar\u201d, consider\u00f3.<\/p>\n\n\n\n<p><strong>Fuente: www.lanacion.com.ar<\/strong><\/p>\n","protected":false},"excerpt":{"rendered":"<p>El gobernador de Chubut,\u00a0Ignacio \u201cNacho\u201d Torres, acus\u00f3 a la ministra de Seguridad,\u00a0Patricia Bullrich,\u00a0de haber utilizado la pelea entre Naci\u00f3n y la provincia patag\u00f3nica por\u00a0la retenci\u00f3n de fondos coparticipables para \u201cplantarse frente a [Mauricio Macri] en una puja partidaria\u201d por la presidencia del Pro. \u201cSi hay una persona que uso este conflicto y que me us\u00f3 [&hellip;]<\/p>\n","protected":false},"author":5,"featured_media":3484,"comment_status":"open","ping_status":"open","sticky":false,"template":"","format":"standard","meta":[],"categories":[14],"tags":[],"_links":{"self":[{"href":"https:\/\/politicapatagonica.com\/index.php\/wp-json\/wp\/v2\/posts\/3483"}],"collection":[{"href":"https:\/\/politicapatagonica.com\/index.php\/wp-json\/wp\/v2\/posts"}],"about":[{"href":"https:\/\/politicapatagonica.com\/index.php\/wp-json\/wp\/v2\/types\/post"}],"author":[{"embeddable":true,"href":"https:\/\/politicapatagonica.com\/index.php\/wp-json\/wp\/v2\/users\/5"}],"replies":[{"embeddable":true,"href":"https:\/\/politicapatagonica.com\/index.php\/wp-json\/wp\/v2\/comments?post=3483"}],"version-history":[{"count":1,"href":"https:\/\/politicapatagonica.com\/index.php\/wp-json\/wp\/v2\/posts\/3483\/revisions"}],"predecessor-version":[{"id":3485,"href":"https:\/\/politicapatagonica.com\/index.php\/wp-json\/wp\/v2\/posts\/3483\/revisions\/3485"}],"wp:featuredmedia":[{"embeddable":true,"href":"https:\/\/politicapatagonica.com\/index.php\/wp-json\/wp\/v2\/media\/3484"}],"wp:attachment":[{"href":"https:\/\/politicapatagonica.com\/index.php\/wp-json\/wp\/v2\/media?parent=3483"}],"wp:term":[{"taxonomy":"category","embeddable":true,"href":"https:\/\/politicapatagonica.com\/index.php\/wp-json\/wp\/v2\/categories?post=3483"},{"taxonomy":"post_tag","embeddable":true,"href":"https:\/\/politicapatagonica.com\/index.php\/wp-json\/wp\/v2\/tags?post=3483"}],"curies":[{"name":"wp","href":"https:\/\/api.w.org\/{rel}","templated":true}]}}