{"id":3480,"date":"2024-02-28T13:52:09","date_gmt":"2024-02-28T13:52:09","guid":{"rendered":"https:\/\/politicapatagonica.com\/?p=3480"},"modified":"2024-02-28T13:52:11","modified_gmt":"2024-02-28T13:52:11","slug":"la-justicia-federal-le-ordeno-a-nacion-el-cese-de-la-retencion-de-los-fondos-coparticipables-de-chubut","status":"publish","type":"post","link":"https:\/\/politicapatagonica.com\/index.php\/2024\/02\/28\/la-justicia-federal-le-ordeno-a-nacion-el-cese-de-la-retencion-de-los-fondos-coparticipables-de-chubut\/","title":{"rendered":"La Justicia Federal le orden\u00f3 a Naci\u00f3n el cese de la retenci\u00f3n de los fondos coparticipables de Chubut"},"content":{"rendered":"\n<p>El Juzgado Federal de Rawson, a cargo de Hugo Ricardo Sastre, resolvi\u00f3 este martes dar lugar a la medida autosatisfactiva solicitada por el gobernador del Chubut, Ignacio &#8220;Nacho&#8221; Torres, en virtud de las retenciones consideradas por la Provincia como &#8220;ilegales e indebidas&#8221; que, &#8220;en concepto de reembolsos por pr\u00e9stamos acordados en el marco del Fondo Fiduciario para el Desarrollo Provincial, Naci\u00f3n ven\u00eda realizando sobre los ingresos correspondientes a la coparticipaci\u00f3n de la provincia patag\u00f3nica&#8221;.<\/p>\n\n\n\n<p><strong>&#8220;CONDICIONES RAZONABLES&#8221;<\/strong><\/p>\n\n\n\n<p>En tal sentido, el fallo en cuesti\u00f3n ordena el cese inmediato de las retenciones que ven\u00eda realizando el Gobierno Nacional, hasta tanto se concrete la refinanciaci\u00f3n de la deuda, y durante el per\u00edodo comprendido por el ejercicio financiero en curso. Adem\u00e1s, exhorta a las partes a que arbitren medios conducentes a la cancelaci\u00f3n o refinanciaci\u00f3n de dicha deuda, en condiciones razonables que no impliquen ning\u00fan tipo de compromiso de servicios esenciales del estado provincial.<\/p>\n\n\n\n<p>Sobre este \u00faltimo punto, el juez federal de Rawson, Hugo Ricardo Sastre, se\u00f1al\u00f3 en su dictamen que &#8220;las retenciones realizadas por Naci\u00f3n ponen en riesgo los servicios esenciales de la Provincia, haciendo que la misma se pueda ver impedida de cumplir con sus funciones p\u00fablicas primordiales: tales como la salud, la seguridad o la debida ense\u00f1anza, entre otras&#8221;.<\/p>\n\n\n\n<p><strong>SERVICIOS ESENCIALES<\/strong><\/p>\n\n\n\n<p>Asimismo, a trav\u00e9s de su fallo la Justicia Federal puso de manifiesto que hoy en d\u00eda estos servicios esenciales &#8220;se est\u00e1n viendo ya en peligro, dada la grave crisis econ\u00f3mica actual y la insuficiencia de recursos por parte de la provincia del Chubut para poder atender los reembolsos exigidos, en condiciones abusivas y arbitrarias, desde el Gobierno Nacional&#8221;, plantearon desde la administraci\u00f3n provincial.<\/p>\n\n\n\n<p><strong>MEDIDA AUTOSATISFACTIVA<\/strong><\/p>\n\n\n\n<p>&#8220;Cabe recordar, por \u00faltimo, que en el reclamo llevado ante la Justicia, el Gobierno del Chubut hab\u00eda solicitado el dictado de una medida \u2018autosatisfactiva\u2019 contra el Estado Nacional&#8221;, se inform\u00f3, &#8220;exigiendo de este modo el \u2018cese inmediato de las retenciones autom\u00e1ticas de fondos coparticipables que son utilizadas como una herramienta de presi\u00f3n pol\u00edtica\u2019, por lo que el fallo del juez federal Hugo Sastre dio la raz\u00f3n as\u00ed a lo demandado por la Provincia&#8221;.<\/p>\n\n\n\n<p><strong>Fuente: www.elchubut.com.ar<\/strong><\/p>\n","protected":false},"excerpt":{"rendered":"<p>El Juzgado Federal de Rawson, a cargo de Hugo Ricardo Sastre, resolvi\u00f3 este martes dar lugar a la medida autosatisfactiva solicitada por el gobernador del Chubut, Ignacio &#8220;Nacho&#8221; Torres, en virtud de las retenciones consideradas por la Provincia como &#8220;ilegales e indebidas&#8221; que, &#8220;en concepto de reembolsos por pr\u00e9stamos acordados en el marco del Fondo [&hellip;]<\/p>\n","protected":false},"author":5,"featured_media":3481,"comment_status":"open","ping_status":"open","sticky":false,"template":"","format":"standard","meta":[],"categories":[14],"tags":[],"_links":{"self":[{"href":"https:\/\/politicapatagonica.com\/index.php\/wp-json\/wp\/v2\/posts\/3480"}],"collection":[{"href":"https:\/\/politicapatagonica.com\/index.php\/wp-json\/wp\/v2\/posts"}],"about":[{"href":"https:\/\/politicapatagonica.com\/index.php\/wp-json\/wp\/v2\/types\/post"}],"author":[{"embeddable":true,"href":"https:\/\/politicapatagonica.com\/index.php\/wp-json\/wp\/v2\/users\/5"}],"replies":[{"embeddable":true,"href":"https:\/\/politicapatagonica.com\/index.php\/wp-json\/wp\/v2\/comments?post=3480"}],"version-history":[{"count":1,"href":"https:\/\/politicapatagonica.com\/index.php\/wp-json\/wp\/v2\/posts\/3480\/revisions"}],"predecessor-version":[{"id":3482,"href":"https:\/\/politicapatagonica.com\/index.php\/wp-json\/wp\/v2\/posts\/3480\/revisions\/3482"}],"wp:featuredmedia":[{"embeddable":true,"href":"https:\/\/politicapatagonica.com\/index.php\/wp-json\/wp\/v2\/media\/3481"}],"wp:attachment":[{"href":"https:\/\/politicapatagonica.com\/index.php\/wp-json\/wp\/v2\/media?parent=3480"}],"wp:term":[{"taxonomy":"category","embeddable":true,"href":"https:\/\/politicapatagonica.com\/index.php\/wp-json\/wp\/v2\/categories?post=3480"},{"taxonomy":"post_tag","embeddable":true,"href":"https:\/\/politicapatagonica.com\/index.php\/wp-json\/wp\/v2\/tags?post=3480"}],"curies":[{"name":"wp","href":"https:\/\/api.w.org\/{rel}","templated":true}]}}