{"id":3473,"date":"2024-02-27T13:28:33","date_gmt":"2024-02-27T13:28:33","guid":{"rendered":"https:\/\/politicapatagonica.com\/?p=3473"},"modified":"2024-02-27T13:28:34","modified_gmt":"2024-02-27T13:28:34","slug":"las-intendencias-peronistas-salieron-a-respaldar-a-los-gobernadores-patagonicos","status":"publish","type":"post","link":"https:\/\/politicapatagonica.com\/index.php\/2024\/02\/27\/las-intendencias-peronistas-salieron-a-respaldar-a-los-gobernadores-patagonicos\/","title":{"rendered":"Las intendencias peronistas salieron a respaldar a los gobernadores patag\u00f3nicos"},"content":{"rendered":"\n<p><strong>Un grupo de 44 intendentes e intendentas del Frente Justicialista Pampeano salieron a manifestar su &#8220;firme respaldo y adhesi\u00f3n&#8221; a los gobernadores patag\u00f3nicos<\/strong>, y en especial, al gobernador Sergio Ziliotto, ante las &#8220;acciones de extorsi\u00f3n, apriete, recorte de fondos y ataques al federalismo perpetrados por el gobierno nacional de Javier Milei&#8221;.<\/p>\n\n\n\n<p>La decisi\u00f3n qued\u00f3 plasmada en una solicitada.<strong> &#8220;Apoyamos las manifestaciones p\u00fablicas realizadas por los gobernadores patag\u00f3nicos a trav\u00e9s del documento titulado &#8216;Las Provincias Unidas del Sur&#8221;<\/strong>, remarcaron.<\/p>\n\n\n\n<p>&#8220;En este documento -dijeron- <strong>expresaron su leg\u00edtima preocupaci\u00f3n por la grave situaci\u00f3n que enfrenta la provincia de Chubut, donde se han llevado a cabo represalias y retenciones ilegales de fondos por parte del Gobierno Nacional<\/strong>, afectando de manera directa los derechos y el bienestar de m\u00e1s de 600 mil ciudadanos y ciudadanas&#8221;.<\/p>\n\n\n\n<p>&#8220;Nos unimos al repudio contundente expresado por los gobernadores patag\u00f3nicos ante este<strong> ataque injustificado a una provincia hermana, que vulnera su autonom\u00eda y afecta gravemente su desarrollo econ\u00f3mico y social<\/strong>. Es inaceptable que se utilice la retenci\u00f3n de fondos como herramienta de coerci\u00f3n pol\u00edtica, afectando \u00e1reas vitales como la educaci\u00f3n, la salud, la seguridad y el desarrollo&#8221;, agregaron.<\/p>\n\n\n\n<p>Tambi\u00e9n resaltaron: &#8220;<strong>Respaldamos plenamente la determinaci\u00f3n de la provincia de Chubut de defender sus derechos como due\u00f1a de sus recursos hidrocarbur\u00edferos y de responder con acciones firmes ante cualquier intento de seguir reteniendo ilegalmente los fondos que le corresponden<\/strong>. La solidaridad entre provincias es fundamental en la preservaci\u00f3n del federalismo y en la defensa de los intereses leg\u00edtimos de cada jurisdicci\u00f3n&#8221;.<\/p>\n\n\n\n<p>&#8220;Asimismo -continuaron- <strong>rechazamos categ\u00f3ricamente cualquier intento de socavar la autonom\u00eda de las provincias por parte del Gobierno Nacional.<\/strong> La unidad y la firmeza de todas las regiones del pa\u00eds son indispensables para hacer frente a este tipo de pr\u00e1cticas autoritarias y para construir una Argentina m\u00e1s justa, equitativa y federal&#8221;.<\/p>\n\n\n\n<p>&#8220;Adem\u00e1s, es crucial destacar el impacto directo que estas medidas del Gobierno Nacional tienen en los municipios, que son la primera trinchera de contenci\u00f3n de la crisis econ\u00f3mica y social. <strong>Somos los intendentes y las intendentas quienes estamos en la primera l\u00ednea, enfrentando d\u00eda a d\u00eda las consecuencias de estas decisiones, buscando soluciones para garantizar el bienestar de nuestras comunidades y preservar los servicios esenciales<\/strong>&#8220;, destacaron.<\/p>\n\n\n\n<p>En otro tramo de la solicitada, las intendencias peronistas hicieron <strong>&#8220;un llamado urgente al Gobierno Nacional para que cese de inmediato con estas acciones lesivas al federalismo y establezca un di\u00e1logo respetuoso y constructivo<\/strong> con todas las provincias, basado en el respeto mutuo y en la b\u00fasqueda de consensos para abordar los desaf\u00edos comunes que enfrentamos como naci\u00f3n&#8221;.<\/p>\n\n\n\n<p>&#8220;Finalmente, reiteramos nuestro compromiso inquebrantable con la defensa de los derechos y la autonom\u00eda de nuestra provincia y de todas las provincias argentinas, ratificando nuestra voluntad de trabajar de manera coordinada y solidaria en la construcci\u00f3n de un pa\u00eds m\u00e1s justo y democr\u00e1tico para todos&#8221;, concluyeron.<\/p>\n\n\n\n<p><strong>Los firmantes son los siguientes:<\/strong>\u00a0FEDERICO ANDR\u00c9S BOGARIN AGUSTONI (C.F), OSCAR LEONARDO GATICA AVECILLA ALGARROBO DEL AGUILA, GUSTAVO ADRI\u00c1N P\u00c9REZ ANCHORENA, MAR\u00cdA DANIELA FERN\u00c1NDEZ ANGUIL, HENSO JORGE SOSA ARATA, PABLO GERM\u00c1N RAUSCHENBERGER BERNASCONI, OSCAR ALEJANDRO BARAS CALEUFU, OSCAR RICARDO RODR\u00cdGUEZ HUARTE CARRO QUEMADO, GRACIELA NIDIA L\u00d3PEZ CATRILO, ARIEL OSMAR MAUNA CHACHARRAMENDI (C.F.), PABLO DAVID CERVELLINI CONHELLO, HORACIO H\u00c9CTOR LEDESMA CUCHILLO-CO (C.F), OSCAR ALBERTO CANONERO FALUCHO (C.F), MAR\u00cdA EUGENIA GRAZIDE GOB. DUVAL, FERNANDA ESTEFAN\u00cdA ALONSO GRAL. PICO, SANTIAGO GO\u00d1I JACINTO ARAUZ, GUSTAVO FABI\u00c1N CEIN LA MARUJA, ELIAS ALBERTO COLADO S\u00c1NCHEZ LA REFORMA (C.F), \u00c1NGEL MARCELO GUTI\u00c9RREZ LIMAY MAHUIDA (C.F), MANUEL SALVADOR FEITO LONQUIMAY, OSCAR HUGO MART\u00cdNEZ LOVENTUEL (C.F), M\u00d3NICA LILIA VALOR LUAN TORO, RODECIA MARIBEL BERNELLI MAISONNAVE (C.F), ELIO LAUTARO CALZADO MIGUEL RIGLOS, V\u00cdCTOR GERM\u00c1N WILBERGER MONTE NIEVAS, ROBERTO OSCAR KRONEMBERGER PERU (C.F), CARLOS OSCAR FERRERO PICHI HUINCA (C.F), JULIO DANIEL GEREZ PUELCHES, JUAN PABLO RESIO QUETREQUEN (C.F), JAVIER FACUNDO SOLA REALICO, LUIS ALBERTO FERREYRA ROLON, PABLO EMANUEL L\u00c1ZARO MUSE RUCANELO (C.F), CARLOS GUILLERMO FARANA SANTA ISABEL, LUCIANO DI NAPOLI SANTA ROSA, CARLOS ALBERTO ANTONIETA SARAH (C.F), MART\u00cdN ENRIQUE LISOTTI SPELUZZI (C.F), Mar\u00eda Susana BAZAN TELEN, RA\u00daL ARIEL ROJAS TOAY, HORACIO ALBERTO LORENZO TRENEL, IVANA FERRER URIBURU, LUIS ALBERTO GIACOMINO VERTIZ, LUCAS HORACIO LAGUNA VILLA MIRASOL, IRMA ADRIANA GARC\u00cdA WINIFREDA.<\/p>\n\n\n\n<p><strong>Fuente: www.eldiariodelapampa.com.ar<\/strong><\/p>\n","protected":false},"excerpt":{"rendered":"<p>Un grupo de 44 intendentes e intendentas del Frente Justicialista Pampeano salieron a manifestar su &#8220;firme respaldo y adhesi\u00f3n&#8221; a los gobernadores patag\u00f3nicos, y en especial, al gobernador Sergio Ziliotto, ante las &#8220;acciones de extorsi\u00f3n, apriete, recorte de fondos y ataques al federalismo perpetrados por el gobierno nacional de Javier Milei&#8221;. La decisi\u00f3n qued\u00f3 plasmada [&hellip;]<\/p>\n","protected":false},"author":5,"featured_media":3474,"comment_status":"open","ping_status":"open","sticky":false,"template":"","format":"standard","meta":[],"categories":[10],"tags":[],"_links":{"self":[{"href":"https:\/\/politicapatagonica.com\/index.php\/wp-json\/wp\/v2\/posts\/3473"}],"collection":[{"href":"https:\/\/politicapatagonica.com\/index.php\/wp-json\/wp\/v2\/posts"}],"about":[{"href":"https:\/\/politicapatagonica.com\/index.php\/wp-json\/wp\/v2\/types\/post"}],"author":[{"embeddable":true,"href":"https:\/\/politicapatagonica.com\/index.php\/wp-json\/wp\/v2\/users\/5"}],"replies":[{"embeddable":true,"href":"https:\/\/politicapatagonica.com\/index.php\/wp-json\/wp\/v2\/comments?post=3473"}],"version-history":[{"count":1,"href":"https:\/\/politicapatagonica.com\/index.php\/wp-json\/wp\/v2\/posts\/3473\/revisions"}],"predecessor-version":[{"id":3475,"href":"https:\/\/politicapatagonica.com\/index.php\/wp-json\/wp\/v2\/posts\/3473\/revisions\/3475"}],"wp:featuredmedia":[{"embeddable":true,"href":"https:\/\/politicapatagonica.com\/index.php\/wp-json\/wp\/v2\/media\/3474"}],"wp:attachment":[{"href":"https:\/\/politicapatagonica.com\/index.php\/wp-json\/wp\/v2\/media?parent=3473"}],"wp:term":[{"taxonomy":"category","embeddable":true,"href":"https:\/\/politicapatagonica.com\/index.php\/wp-json\/wp\/v2\/categories?post=3473"},{"taxonomy":"post_tag","embeddable":true,"href":"https:\/\/politicapatagonica.com\/index.php\/wp-json\/wp\/v2\/tags?post=3473"}],"curies":[{"name":"wp","href":"https:\/\/api.w.org\/{rel}","templated":true}]}}