{"id":3462,"date":"2024-02-26T13:18:57","date_gmt":"2024-02-26T13:18:57","guid":{"rendered":"https:\/\/politicapatagonica.com\/?p=3462"},"modified":"2024-02-26T13:18:58","modified_gmt":"2024-02-26T13:18:58","slug":"torres-garantizo-el-normal-inicio-de-clases-en-chubut","status":"publish","type":"post","link":"https:\/\/politicapatagonica.com\/index.php\/2024\/02\/26\/torres-garantizo-el-normal-inicio-de-clases-en-chubut\/","title":{"rendered":"Torres garantiz\u00f3 el normal inicio de clases en Chubut"},"content":{"rendered":"\n<p>El gobernador del Chubut, Ignacio \u201cNacho\u201d Torres, puso en valor las distintas gestiones que est\u00e1n llevando las carteras de su gobierno para garantizar el inicio del ciclo lectivo el pr\u00f3ximo 4 de marzo, \u201cm\u00e1s all\u00e1 de las dificultades econ\u00f3micas que atraviesa todo el pa\u00eds, y a pesar tambi\u00e9n del clima de confrontaci\u00f3n propiciado por el gobierno nacional\u201d, refiri\u00f3.<\/p>\n\n\n\n<p>Al respecto, el mandatario chubutense record\u00f3 que \u201cpor culpa de gobiernos anteriores, en esta provincia durante los \u00faltimos seis a\u00f1os apenas tuvimos un ciclo lectivo completo, lo que representa menos de un a\u00f1o de clases para nuestros chicos y chicas\u201d, y detall\u00f3: \u201cHay toda una generaci\u00f3n que vio frustrado su derecho a aprender, y que hoy se evidencia en alumnos con severos problemas de comprensi\u00f3n de textos, que no pueden resolver ecuaciones b\u00e1sicas y que van a tener serias dificultades el d\u00eda de ma\u00f1ana para insertarse en el mercado laboral\u201d.<\/p>\n\n\n\n<p>\u201cPor eso mismo, nuestra prioridad desde el primer d\u00eda al frente del gobierno fue asegurar el inicio de clases, para garantizar que nunca m\u00e1s vuelva a ocurrir esta tragedia educativa que no tiene precedentes en nuestra historia\u201d, explic\u00f3 Torres, se\u00f1alando en tal sentido que \u201cnos pusimos al frente de la Ley de Profesionalidad Docente, que represent\u00f3 el primer paso para iniciar la senda de recuperaci\u00f3n de la educaci\u00f3n en la provincia, y nos hicimos cargo tambi\u00e9n del Fondo Nacional de Incentivo Docente (FONID) cuando desde Naci\u00f3n decidieron arbitrariamente la eliminaci\u00f3n de dicho fondo que impactaba de forma directa en el sueldo de nuestros docentes\u201d.<\/p>\n\n\n\n<p>Adem\u00e1s, y ahondando sobre el tema, el titular del ejecutivo provincial, explic\u00f3 que \u201cmi principal preocupaci\u00f3n cuando nos enteramos que nos estaban reteniendo la coparticipaci\u00f3n federal fue, justamente, de incertidumbre ante la posibilidad de que una vez m\u00e1s no se inicie el ciclo lectivo en esta provincia, como ya pas\u00f3 tantas veces en los gobiernos previos, y por eso actuamos en consecuencia, reclamando con tanto \u00e9nfasis lo que nos corresponde por derecho\u201d.<\/p>\n\n\n\n<p><strong>Conflicto con Naci\u00f3n<\/strong><\/p>\n\n\n\n<p>Consultado sobre este particular, Torres puso sobre la mesa las diferencias mantenidas en los \u00faltimos d\u00edas con el gobierno nacional que encabeza Javier Milei, las cuales incluyeron una severa advertencia por parte de Chubut de impedir, a partir del pr\u00f3ximo mi\u00e9rcoles, la salida de los barriles de petr\u00f3leo que se producen en la cuenca del Golfo San Jorge, y refiri\u00f3: \u201cLamentablemente, Naci\u00f3n no se interes\u00f3 ni se preocup\u00f3 por acordar con nosotros alg\u00fan tipo de soluci\u00f3n para este conflicto, por lo que nuestra decisi\u00f3n no tiene marcha atr\u00e1s\u201d.<\/p>\n\n\n\n<p>De igual manera, el gobernador asegur\u00f3 que \u201cse va a interrumpir la producci\u00f3n en los yacimientos hidrocarbur\u00edferos de todo el pa\u00eds, no s\u00f3lo de Chubut, porque si algo tenemos claro los gobernadores de Argentina es que desde Naci\u00f3n est\u00e1n tratando de ir a por todo y a por todos\u201d, y detall\u00f3 que, para coordinar las correspondientes acciones conjuntas, el d\u00eda mi\u00e9rcoles se llevar\u00e1 adelante una reuni\u00f3n de gobernadores patag\u00f3nicos, ya que son sus distritos los que re\u00fanen el mayor porcentaje de la producci\u00f3n petrolera del pa\u00eds\u201d.<\/p>\n\n\n\n<p>\u201cEl encuentro se va a realizar en la ciudad de Puerto Madryn, y tenemos previsto aprovechar la reuni\u00f3n para impulsar tambi\u00e9n un \u2018bloque Patag\u00f3nico\u201d, conformado por los 18 senadores de las distintas provincias de la regi\u00f3n, de forma tal de poder unificar nuestras agendas legislativas\u201d, destac\u00f3 Torres.<\/p>\n\n\n\n<p>Asimismo, el titular del ejecutivo chubutense explic\u00f3 que en los \u00faltimos d\u00edas el conflicto con Naci\u00f3n escal\u00f3 a partir de la retenci\u00f3n de los fondos coparticipables de la provincia, realizada de manera ilegal por el ministro nacional de Econom\u00eda, los cuales ascienden ya a m\u00e1s de un tercio de los 30.000 millones de pesos que le corresponden a Chubut, y refiri\u00f3 que los mismos fueron indebidamente incautados con la excusa de deudas contra\u00eddas previamente por el gobierno provincial de Mariano Arcioni.<\/p>\n\n\n\n<p>\u201cNosotros nunca desconocimos esa deuda que fue tomada de manera irresponsable por el gobierno anterior: al contrario, mostramos buena fe y voluntad de pago, y ofrecimos incluso distintas alternativas para saldar dicha deuda, pero el Gobierno Nacional ni siquiera se dign\u00f3 a contestarnos, y nos llevaron as\u00ed a un terreno muy peligroso a pocos d\u00edas de comenzar el ciclo lectivo, con todo lo que eso implica para nosotros que desde el d\u00eda uno nos pusimos como prioridad el inicio de clases\u201d, detall\u00f3 Torres.<\/p>\n\n\n\n<p><strong>Agradecimiento del Gobierno Provincial<\/strong><\/p>\n\n\n\n<p>Finalmente, el mandatario provincial expres\u00f3 su m\u00e1s sincero agradecimiento a todos los gobernadores que manifestaron su apoyo frente al reclamo del Chubut, siendo la \u00fanica excepci\u00f3n a tantas muestras de respaldo el gobernador de Tucum\u00e1n, Osvaldo Jaldo, quien no realiz\u00f3 ning\u00fan tipo de declaraci\u00f3n respecto de las retenciones ilegales efectuadas por Naci\u00f3n.<\/p>\n\n\n\n<p>\u201cLos chubutenses estamos muy agradecidos con todos los que nos acompa\u00f1an en nuestro reclamo a lo largo y ancho del pa\u00eds\u201d, se\u00f1al\u00f3 Torres, quien tambi\u00e9n expuso su reconocimiento a \u201clas fuerzas vivas de Comodoro Rivadavia, que durante m\u00e1s de un siglo han aportado miles de millones de d\u00f3lares a todo el pa\u00eds, y ahora tienen que sufrir las decisiones arbitrarias de un gobierno que no defiende los intereses de los argentinos\u201d.<\/p>\n\n\n\n<p><strong>Fuente: www.elchubut.com.ar<\/strong><\/p>\n","protected":false},"excerpt":{"rendered":"<p>El gobernador del Chubut, Ignacio \u201cNacho\u201d Torres, puso en valor las distintas gestiones que est\u00e1n llevando las carteras de su gobierno para garantizar el inicio del ciclo lectivo el pr\u00f3ximo 4 de marzo, \u201cm\u00e1s all\u00e1 de las dificultades econ\u00f3micas que atraviesa todo el pa\u00eds, y a pesar tambi\u00e9n del clima de confrontaci\u00f3n propiciado por el [&hellip;]<\/p>\n","protected":false},"author":5,"featured_media":3463,"comment_status":"open","ping_status":"open","sticky":false,"template":"","format":"standard","meta":[],"categories":[14],"tags":[],"_links":{"self":[{"href":"https:\/\/politicapatagonica.com\/index.php\/wp-json\/wp\/v2\/posts\/3462"}],"collection":[{"href":"https:\/\/politicapatagonica.com\/index.php\/wp-json\/wp\/v2\/posts"}],"about":[{"href":"https:\/\/politicapatagonica.com\/index.php\/wp-json\/wp\/v2\/types\/post"}],"author":[{"embeddable":true,"href":"https:\/\/politicapatagonica.com\/index.php\/wp-json\/wp\/v2\/users\/5"}],"replies":[{"embeddable":true,"href":"https:\/\/politicapatagonica.com\/index.php\/wp-json\/wp\/v2\/comments?post=3462"}],"version-history":[{"count":1,"href":"https:\/\/politicapatagonica.com\/index.php\/wp-json\/wp\/v2\/posts\/3462\/revisions"}],"predecessor-version":[{"id":3464,"href":"https:\/\/politicapatagonica.com\/index.php\/wp-json\/wp\/v2\/posts\/3462\/revisions\/3464"}],"wp:featuredmedia":[{"embeddable":true,"href":"https:\/\/politicapatagonica.com\/index.php\/wp-json\/wp\/v2\/media\/3463"}],"wp:attachment":[{"href":"https:\/\/politicapatagonica.com\/index.php\/wp-json\/wp\/v2\/media?parent=3462"}],"wp:term":[{"taxonomy":"category","embeddable":true,"href":"https:\/\/politicapatagonica.com\/index.php\/wp-json\/wp\/v2\/categories?post=3462"},{"taxonomy":"post_tag","embeddable":true,"href":"https:\/\/politicapatagonica.com\/index.php\/wp-json\/wp\/v2\/tags?post=3462"}],"curies":[{"name":"wp","href":"https:\/\/api.w.org\/{rel}","templated":true}]}}