{"id":3459,"date":"2024-02-23T14:18:03","date_gmt":"2024-02-23T14:18:03","guid":{"rendered":"https:\/\/politicapatagonica.com\/?p=3459"},"modified":"2024-02-23T14:18:04","modified_gmt":"2024-02-23T14:18:04","slug":"el-gobierno-de-figueroa-recibe-a-ate-y-upcn-en-un-viernes-clave-para-las-paritarias-en-neuquen","status":"publish","type":"post","link":"https:\/\/politicapatagonica.com\/index.php\/2024\/02\/23\/el-gobierno-de-figueroa-recibe-a-ate-y-upcn-en-un-viernes-clave-para-las-paritarias-en-neuquen\/","title":{"rendered":"El gobierno de Figueroa recibe a ATE y UPCN en un viernes clave para las paritarias en Neuqu\u00e9n"},"content":{"rendered":"\n<p><strong>El gobierno de Rolando Figueroa afrontar\u00e1 este viernes un d\u00eda clave<\/strong>\u00a0para el avance de las paritarias en Neuqu\u00e9n,<strong>\u00a0ya que recibir\u00e1 a los l\u00edderes de ATE y UPCN<\/strong>, dos de los gremios con mayor peso en la provincia.<\/p>\n\n\n\n<p>Las negociaciones entre el Ejecutivo y los l\u00edderes sindicales se dan en un contexto de fuerte presi\u00f3n de estos \u00faltimos para mantener<strong>\u00a0los aumentos atados al \u00cdndice de Precios al Consumidor (IPC)<\/strong>, mecanismo que ha servido para menguar el impacto de la inflaci\u00f3n.<\/p>\n\n\n\n<p>De hecho, el secretario general del gremio docente,<strong>&nbsp;Marcelo Guagliardo<\/strong>, profundiz\u00f3 ese reclamo y pidi\u00f3 que las actualizaciones, en vez de peri\u00f3dicas, sean ahora mensuales por el avance del proceso inflacionario.<\/p>\n\n\n\n<p>Lo expres\u00f3 el mi\u00e9rcoles pasado, a la salida del encuentro que mantuvo&nbsp;<strong>con el ministro de Gobierno de Neuqu\u00e9n, Jorge Tobares, y la ministra de Educaci\u00f3n, Soledad Mart\u00ednez.<\/strong>&nbsp;En este caso, las conversaciones se retomar\u00e1n el s\u00e1bado, cuando finalice el cuarto intermedio pactado y los funcionarios concreten la propuesta.<\/p>\n\n\n\n<p>Este jueves\u00a0<strong>fue el turno de los Trabajadores Viales<\/strong>.\u00a0<strong>Carlos Roselli<\/strong>, antes de escuchar los planteos,<strong>\u00a0hizo una exposici\u00f3n sobre la situaci\u00f3n econ\u00f3mica de la provincia<\/strong>\u00a0y la correlaci\u00f3n con el complejo panorama nacional.<\/p>\n\n\n\n<p>Desde el sindicato, dijo el referente, se plante\u00f3 \u00ab<strong>seguir la pauta salarial, si se puede en periodos m\u00e1s cortos, mediante IPC\u00bb, ya que hasta el momento<\/strong>&nbsp;\u00abno se ve otra cosa m\u00e1s representativa que esa\u00bb para enfrentar el aumento del costo de vida.<\/p>\n\n\n\n<p>Tras la entrevista, al igual que sucedi\u00f3 con los docentes<strong>, se pas\u00f3 a un cuarto intermedio hasta el jueves de la semana que viene<\/strong>. En ese lapso, explic\u00f3 Roselli, los funcionarios se comprometieron<strong>&nbsp;a \u00abarmar una pauta\u00bb que permita llegar a un acuerdo.<\/strong><\/p>\n\n\n\n<p>\u00abTambi\u00e9n dejamos<strong>\u00a0en claro la forma dictatorial en la que, por decreto, nos empezaron a descontar m\u00e1s para la obra social<\/strong>\u00ab, a\u00f1adi\u00f3 el l\u00edder gremial, en referencia a la suba de aportes aplicada por Figueroa para cubrir la brecha entre los gastos y los ingresos del ISSN.<\/p>\n\n\n\n<p>Tal como se hab\u00eda adelantado la semana pasada, hoy viernes el gobierno neuquino se reuni\u00f3 desde las 10 con la Asociaci\u00f3n de Trabajadores del Estado (ATE), cuyo l\u00edder en la provincia,<strong>\u00a0Carlos Quintriqueo<\/strong>,\u00a0<strong>ya dej\u00f3 en claro que insistir\u00e1 con las subas por IPC.<\/strong><\/p>\n\n\n\n<p>Por la tarde, desde las 18, ser\u00e1n los referentes de la Uni\u00f3n de Personal Civil de la Naci\u00f3n (UPCN) los que arriben a la Sala Laffitte de la Casa de Gobierno, donde se espera la presencia de Tobares, el elegido del gobernador para liderar las negociaciones con los gremios estatales.<\/p>\n\n\n\n<p><strong>Fuente: www.rionegro.com.ar<\/strong><\/p>\n","protected":false},"excerpt":{"rendered":"<p>El gobierno de Rolando Figueroa afrontar\u00e1 este viernes un d\u00eda clave\u00a0para el avance de las paritarias en Neuqu\u00e9n,\u00a0ya que recibir\u00e1 a los l\u00edderes de ATE y UPCN, dos de los gremios con mayor peso en la provincia. Las negociaciones entre el Ejecutivo y los l\u00edderes sindicales se dan en un contexto de fuerte presi\u00f3n de [&hellip;]<\/p>\n","protected":false},"author":5,"featured_media":3460,"comment_status":"open","ping_status":"open","sticky":false,"template":"","format":"standard","meta":[],"categories":[9],"tags":[],"_links":{"self":[{"href":"https:\/\/politicapatagonica.com\/index.php\/wp-json\/wp\/v2\/posts\/3459"}],"collection":[{"href":"https:\/\/politicapatagonica.com\/index.php\/wp-json\/wp\/v2\/posts"}],"about":[{"href":"https:\/\/politicapatagonica.com\/index.php\/wp-json\/wp\/v2\/types\/post"}],"author":[{"embeddable":true,"href":"https:\/\/politicapatagonica.com\/index.php\/wp-json\/wp\/v2\/users\/5"}],"replies":[{"embeddable":true,"href":"https:\/\/politicapatagonica.com\/index.php\/wp-json\/wp\/v2\/comments?post=3459"}],"version-history":[{"count":1,"href":"https:\/\/politicapatagonica.com\/index.php\/wp-json\/wp\/v2\/posts\/3459\/revisions"}],"predecessor-version":[{"id":3461,"href":"https:\/\/politicapatagonica.com\/index.php\/wp-json\/wp\/v2\/posts\/3459\/revisions\/3461"}],"wp:featuredmedia":[{"embeddable":true,"href":"https:\/\/politicapatagonica.com\/index.php\/wp-json\/wp\/v2\/media\/3460"}],"wp:attachment":[{"href":"https:\/\/politicapatagonica.com\/index.php\/wp-json\/wp\/v2\/media?parent=3459"}],"wp:term":[{"taxonomy":"category","embeddable":true,"href":"https:\/\/politicapatagonica.com\/index.php\/wp-json\/wp\/v2\/categories?post=3459"},{"taxonomy":"post_tag","embeddable":true,"href":"https:\/\/politicapatagonica.com\/index.php\/wp-json\/wp\/v2\/tags?post=3459"}],"curies":[{"name":"wp","href":"https:\/\/api.w.org\/{rel}","templated":true}]}}