{"id":3456,"date":"2024-02-23T13:23:36","date_gmt":"2024-02-23T13:23:36","guid":{"rendered":"https:\/\/politicapatagonica.com\/?p=3456"},"modified":"2024-02-23T13:23:38","modified_gmt":"2024-02-23T13:23:38","slug":"docentes-de-santa-cruz-rechazaron-la-oferta-del-ejecutivo","status":"publish","type":"post","link":"https:\/\/politicapatagonica.com\/index.php\/2024\/02\/23\/docentes-de-santa-cruz-rechazaron-la-oferta-del-ejecutivo\/","title":{"rendered":"Docentes de Santa Cruz rechazaron la oferta del Ejecutivo"},"content":{"rendered":"\n<p>Adem\u00e1s, en la resoluci\u00f3n, la parte gremial especifica que si la propuesta salarial no se acerca a lo solicitado, no inician las clases y habr\u00eda paro por 48 horas.<\/p>\n\n\n\n<p>Asimismo, se ratifica la exigencia de un porcentaje de recomposici\u00f3n salarial al b\u00e1sico, adem\u00e1s de exigir cl\u00e1usula gatillo retroactiva a enero, que permita alcanzar el costo de la Canasta B\u00e1sica Total para el docente reci\u00e9n ingresado&nbsp;de Nivel Inicial. &nbsp;<\/p>\n\n\n\n<p>ADOSAC le\u00a0reclama\u00a0al Gobierno Provincial\u00a0abone\u00a0los\u00a0salarios el primer d\u00eda h\u00e1bil de cada mes, as\u00ed como tambi\u00e9n el pago de t\u00edtulo en el segundo cargo, basados en el principio constitucional de &#8220;por igual tarea-igual remuneraci\u00f3n&#8221;, algo\u00a0que nunca fue respetado por el kirchnerismo en Santa Cruz.<\/p>\n\n\n\n<p>En otra parte del escrito al que tuvo acceso&nbsp;<strong>TiempoSur,<\/strong>&nbsp;el gremio que nuclea a los docentes&nbsp;repudia el intento de declarar la educaci\u00f3n como servicio esencial.<\/p>\n\n\n\n<p>Tambi\u00e9n solicitan mantener la ESI (Educaci\u00f3n Sexual Integral)&nbsp;y exigen que referentes en la tem\u00e1tica&nbsp;sean designados por orden de m\u00e9rito.<\/p>\n\n\n\n<p>En la misma l\u00ednea de demandas, plantearon la publicaci\u00f3n del acuerdo entre el CPE y el Jard\u00edn Maternal &#8220;Merceditas&#8221; de R\u00edo Turbio&nbsp;y que las respectivas designaciones, se realicen en el mismo ofrecimiento p\u00fablico bajo la normativa vigente.<\/p>\n\n\n\n<p>A su vez, desde el congreso docente\u00a0expresan que las designaciones de escuelas y redes, se nombren por orden de m\u00e9rito y seg\u00fan las condiciones estatutarias.<\/p>\n\n\n\n<p>Asimismo, en el documento se plasm\u00f3 continuar trabajando en la mesa de negociaci\u00f3n laboral el pliego de reivindicaciones: comenzar el trabajo para el proceso de titularizaci\u00f3n, en todos los niveles y modalidades. En ese sentido, dejaron en claro no cesar en las denuncias ante&nbsp;la implementaci\u00f3n improvisada, y por la&nbsp;flexibilizaci\u00f3n laboral de Nivel Primario de la jornada extendida en la provincia.<\/p>\n\n\n\n<p>ADOSAC&nbsp;solicita que se garanticen los insumos necesarios para el desarrollo de&nbsp;la tarea administrativa diaria de las instituciones. Adem\u00e1s de los fondos fijos correspondientes.<\/p>\n\n\n\n<p>En otro tramo de la resoluci\u00f3n, exigen un inmediato plan de inversi\u00f3n de mantenimiento e infraestructura en educaci\u00f3n. \u00a0\u00a0<\/p>\n\n\n\n<p><strong>Fuente: www.tiemposur.com.ar<\/strong><\/p>\n","protected":false},"excerpt":{"rendered":"<p>Adem\u00e1s, en la resoluci\u00f3n, la parte gremial especifica que si la propuesta salarial no se acerca a lo solicitado, no inician las clases y habr\u00eda paro por 48 horas. Asimismo, se ratifica la exigencia de un porcentaje de recomposici\u00f3n salarial al b\u00e1sico, adem\u00e1s de exigir cl\u00e1usula gatillo retroactiva a enero, que permita alcanzar el costo [&hellip;]<\/p>\n","protected":false},"author":5,"featured_media":3457,"comment_status":"open","ping_status":"open","sticky":false,"template":"","format":"standard","meta":[],"categories":[8],"tags":[],"_links":{"self":[{"href":"https:\/\/politicapatagonica.com\/index.php\/wp-json\/wp\/v2\/posts\/3456"}],"collection":[{"href":"https:\/\/politicapatagonica.com\/index.php\/wp-json\/wp\/v2\/posts"}],"about":[{"href":"https:\/\/politicapatagonica.com\/index.php\/wp-json\/wp\/v2\/types\/post"}],"author":[{"embeddable":true,"href":"https:\/\/politicapatagonica.com\/index.php\/wp-json\/wp\/v2\/users\/5"}],"replies":[{"embeddable":true,"href":"https:\/\/politicapatagonica.com\/index.php\/wp-json\/wp\/v2\/comments?post=3456"}],"version-history":[{"count":1,"href":"https:\/\/politicapatagonica.com\/index.php\/wp-json\/wp\/v2\/posts\/3456\/revisions"}],"predecessor-version":[{"id":3458,"href":"https:\/\/politicapatagonica.com\/index.php\/wp-json\/wp\/v2\/posts\/3456\/revisions\/3458"}],"wp:featuredmedia":[{"embeddable":true,"href":"https:\/\/politicapatagonica.com\/index.php\/wp-json\/wp\/v2\/media\/3457"}],"wp:attachment":[{"href":"https:\/\/politicapatagonica.com\/index.php\/wp-json\/wp\/v2\/media?parent=3456"}],"wp:term":[{"taxonomy":"category","embeddable":true,"href":"https:\/\/politicapatagonica.com\/index.php\/wp-json\/wp\/v2\/categories?post=3456"},{"taxonomy":"post_tag","embeddable":true,"href":"https:\/\/politicapatagonica.com\/index.php\/wp-json\/wp\/v2\/tags?post=3456"}],"curies":[{"name":"wp","href":"https:\/\/api.w.org\/{rel}","templated":true}]}}