{"id":3434,"date":"2024-02-22T14:42:09","date_gmt":"2024-02-22T14:42:09","guid":{"rendered":"https:\/\/politicapatagonica.com\/?p=3434"},"modified":"2024-02-22T14:47:59","modified_gmt":"2024-02-22T14:47:59","slug":"catrilo-apercibieron-al-exintendente-delfino-por-no-ir-a-trabajar","status":"publish","type":"post","link":"https:\/\/politicapatagonica.com\/index.php\/2024\/02\/22\/catrilo-apercibieron-al-exintendente-delfino-por-no-ir-a-trabajar\/","title":{"rendered":"Municipio de Catril\u00f3: apercibieron al exintendente Delfino por no ir a trabajar"},"content":{"rendered":"\n<p><strong>La Municipalidad de Catril\u00f3 envi\u00f3 un apercibimiento al exintendente Ricardo Delfino para que &#8220;defina su situaci\u00f3n laboral&#8221; <\/strong>en la comuna, de cuya planta de personal permanente forma parte, debido a que no se ha presentado a trabajar en su puesto desde que dej\u00f3 la titularidad del Ejecutivo local.<\/p>\n\n\n\n<p><strong>La actual jefa comunal, Graciela &#8220;Buchi&#8221; L\u00f3pez, esper\u00f3 &#8220;un tiempo prudencial&#8221; que su antecesor retomara sus funciones como empleado y ante su falta de cumplimiento inici\u00f3 el proceso administrativo para desvincularlo y no pagarle m\u00e1s el sueldo, de m\u00e1s de un mill\u00f3n de pesos, sin que concurra a cumplir con sus tareas.<\/strong><\/p>\n\n\n\n<p>El exmandatario justicialista y su sucesora, que tras haber llegado al cargo como candidata de Comunidad Organizada comunic\u00f3 su regreso a las filas del PJ, vienen sosteniendo una interna que se tradujo primero en la designaci\u00f3n de las autoridades del Concejo Deliberante, cuando una alianza entre el sector de Delfino y Juntos por el Cambio le arrebat\u00f3 esos lugares al oficialismo municipal -aunque luego la relaci\u00f3n se restableci\u00f3 merced a gestiones de altos dirigentes del peronismo provincial-, y luego en el despido de cinco trabajadoras ingresadas durante la gesti\u00f3n anterior por supuestos defectos en la elaboraci\u00f3n de sus contratos.<\/p>\n\n\n\n<p>Cuando se consult\u00f3 a L\u00f3pez sobre la situaci\u00f3n en la que se habr\u00eda intimado a su predecesor en la comuna, se\u00f1al\u00f3 que &#8220;lo que se hizo fue un apercibimiento, ya que<strong> el se\u00f1or exintendente present\u00f3 el 10 de diciembre un certificado, expedido por la exconcejala durante su mandato, psic\u00f3loga Claudia Sangiani, donde prescrib\u00eda un tratamiento determinado hasta el 21 de diciembre.<\/strong> Pasado ese tiempo, no lleg\u00f3 al municipio renovaci\u00f3n del certificado, y Delfino no se present\u00f3 en su compromiso laboral para firmar como empleado con un cargo retenido por el cual se paga un salario&#8221;, consign\u00f3 el citado medio catrilense.<\/p>\n\n\n\n<p>Agreg\u00f3 que &#8220;desde el Ejecutivo se esperaba alguna solicitud de adscripci\u00f3n o alg\u00fan decreto del se\u00f1or gobernador Sergio Ziliotto destin\u00e1ndolo a la Casa de Gobierno o alg\u00fan estamento provincial con un cargo de mayor jerarqu\u00eda, pero tampoco se efectiviz\u00f3, pasando los d\u00edas sin tener informaci\u00f3n&#8221;.<\/p>\n\n\n\n<p><strong>&#8220;El 31 de enero de 2024, al no haber recibido ninguna informaci\u00f3n formal o informal para continuar reteniendo el cargo en la Municipalidad de Catril\u00f3, por el cual los contribuyentes y las arcas municipales abonan $1.100.000 pesos por mes a valores de diciembre 2023 y hoy no tienen contraprestaci\u00f3n laboral alguna, Graciela L\u00f3pez instruye a los abogados a realizar un apercibimiento. Sin embargo, pasados 20 d\u00edas del mes de febrero, no hay ning\u00fan tipo de novedad, sea formal o informal, sobre la situaci\u00f3n de ese empleado municipal&#8221;, indic\u00f3.<\/strong><\/p>\n\n\n\n<p>&#8220;La Intendenta Municipal esper\u00f3 un tiempo prudencial y al no quedar alternativa, envi\u00f3 un apercibimiento al exintendente Ricardo Delfino para que defina su situaci\u00f3n laboral con respecto al pueblo de Catril\u00f3, para <strong>evitar seguir pag\u00e1ndole $1.100.000 <\/strong>a valores de diciembre 2023, sin que se presente a sus tareas correspondientes al cargo que posee&#8221;, inform\u00f3.<\/p>\n\n\n\n<p>Y se\u00f1al\u00f3 finalmente: &#8220;El poder Ejecutivo Municipal, en funci\u00f3n de la fiscalizaci\u00f3n administrativa contable<strong>, impondr\u00e1 las siguientes sanciones a los funcionarios del Departamento Ejecutivo y a los empleados de su dependencia: 1) Llamados de atenci\u00f3n, amonestaciones y apercibimientos; 2) Cargos pecuniarios; y 3) Suspensi\u00f3n o inhabilitaci\u00f3n.<\/strong> Se espera que de manera urgente el exintendente Ricardo Delfino informe o entregue la documentaci\u00f3n donde aclare su situaci\u00f3n laboral, para que, entre otras cosas, la comuna no tenga que desembolsar dinero para un trabajador que incumple con sus obligaciones.<strong> Los rumores sobre el destino del exintendente fueron muchos, sobre todo los generados por \u00e9l mismo, donde anunciaba que ir\u00eda a Asuntos Municipales, luego al IPAV e incluso se lo vio buscando un local o casa para que alg\u00fan estamento provincial se instale en Catril\u00f3 y \u00e9l cumpla ah\u00ed con sus funciones y as\u00ed evitar trabajar en la Municipalidad de Catril\u00f3 bajo la administraci\u00f3n actual&#8221;.<\/strong><\/p>\n\n\n\n<p><strong>Fuente: www.eldiariodelapampa.com.ar<\/strong><\/p>\n","protected":false},"excerpt":{"rendered":"<p>La Municipalidad de Catril\u00f3 envi\u00f3 un apercibimiento al exintendente Ricardo Delfino para que &#8220;defina su situaci\u00f3n laboral&#8221; en la comuna, de cuya planta de personal permanente forma parte, debido a que no se ha presentado a trabajar en su puesto desde que dej\u00f3 la titularidad del Ejecutivo local. La actual jefa comunal, Graciela &#8220;Buchi&#8221; L\u00f3pez, [&hellip;]<\/p>\n","protected":false},"author":5,"featured_media":3435,"comment_status":"open","ping_status":"open","sticky":false,"template":"","format":"standard","meta":[],"categories":[10],"tags":[],"_links":{"self":[{"href":"https:\/\/politicapatagonica.com\/index.php\/wp-json\/wp\/v2\/posts\/3434"}],"collection":[{"href":"https:\/\/politicapatagonica.com\/index.php\/wp-json\/wp\/v2\/posts"}],"about":[{"href":"https:\/\/politicapatagonica.com\/index.php\/wp-json\/wp\/v2\/types\/post"}],"author":[{"embeddable":true,"href":"https:\/\/politicapatagonica.com\/index.php\/wp-json\/wp\/v2\/users\/5"}],"replies":[{"embeddable":true,"href":"https:\/\/politicapatagonica.com\/index.php\/wp-json\/wp\/v2\/comments?post=3434"}],"version-history":[{"count":2,"href":"https:\/\/politicapatagonica.com\/index.php\/wp-json\/wp\/v2\/posts\/3434\/revisions"}],"predecessor-version":[{"id":3439,"href":"https:\/\/politicapatagonica.com\/index.php\/wp-json\/wp\/v2\/posts\/3434\/revisions\/3439"}],"wp:featuredmedia":[{"embeddable":true,"href":"https:\/\/politicapatagonica.com\/index.php\/wp-json\/wp\/v2\/media\/3435"}],"wp:attachment":[{"href":"https:\/\/politicapatagonica.com\/index.php\/wp-json\/wp\/v2\/media?parent=3434"}],"wp:term":[{"taxonomy":"category","embeddable":true,"href":"https:\/\/politicapatagonica.com\/index.php\/wp-json\/wp\/v2\/categories?post=3434"},{"taxonomy":"post_tag","embeddable":true,"href":"https:\/\/politicapatagonica.com\/index.php\/wp-json\/wp\/v2\/tags?post=3434"}],"curies":[{"name":"wp","href":"https:\/\/api.w.org\/{rel}","templated":true}]}}