{"id":3431,"date":"2024-02-22T12:28:32","date_gmt":"2024-02-22T12:28:32","guid":{"rendered":"https:\/\/politicapatagonica.com\/?p=3431"},"modified":"2024-02-22T14:53:43","modified_gmt":"2024-02-22T14:53:43","slug":"menna-firmo-un-convenio-para-ofrecer-capacitaciones-al-personal-de-la-legislatura","status":"publish","type":"post","link":"https:\/\/politicapatagonica.com\/index.php\/2024\/02\/22\/menna-firmo-un-convenio-para-ofrecer-capacitaciones-al-personal-de-la-legislatura\/","title":{"rendered":"Menna firm\u00f3 un convenio para dar capacitaciones al personal de la Legislatura de Chubut"},"content":{"rendered":"\n<p>El vicegobernador Gustavo Menna firm\u00f3 un convenio con la Escuela de Abogadas y Abogados del Estado del Chubut y con el Centro de Estudios Pol\u00edticos y Sociales, con el objetivo de llevar adelante <strong>capacitaciones para los agentes legislativos.<\/strong><\/p>\n\n\n\n<p>Adem\u00e1s de Menna, rubricaron el convenio el director ejecutivo de la Escuela de Abogadas y Abogados del Estado, Andr\u00e9s Giacomone; y la presidenta del Centro de Estudios Pol\u00edticos y Sociales, Macarena Acuipil.<\/p>\n\n\n\n<p>Estuvieron en el acto de la firma la diputada provincial Mar\u00eda Andrea Aguilera, vicedirectora de la Escuela de Abogadas y Abogados; el vicepresidente primero de la Legislatura, Luis Juncos; la secretaria legislativa, Valeria Romero; la secretaria habilitada, Florencia Rossi; y el equipo t\u00e9cnico y legal de la Presidencia de la Legislatura.<\/p>\n\n\n\n<p>El convenio, con una vigencia establecida de tres a\u00f1os y renovable de manera autom\u00e1tica por per\u00edodos iguales, tiene como objetivo \u201c<strong>promover una relaci\u00f3n de colaboraci\u00f3n y constituir un \u00e1mbito interinstitucional que resulte de mutuo beneficio, tendiente a lograr una capacitaci\u00f3n sostenida y actualizada<\/strong>, a trav\u00e9s del desarrollo de talleres, cursos, programas, seminarios, eventos y\/o actividades culturales, educativas, de extensi\u00f3n, acad\u00e9micas, y\/o de investigaci\u00f3n, con el fin de capacitar al personal que no se encuentra comprendido en la Ley I N\u00b0 696 de la Provincia del Chubut\u201d.<\/p>\n\n\n\n<p>La normativa mencionada refiere a la creaci\u00f3n de la Escuela, que establece capacitaciones \u00fanicamente para profesionales del derecho. Por ello, a partir del convenio, las actividades de formaci\u00f3n ser\u00e1n ampliadas al personal legislativo en general.<\/p>\n\n\n\n<p><strong>Fuente: www.diariojornada.com.ar<\/strong><\/p>\n","protected":false},"excerpt":{"rendered":"<p>El vicegobernador Gustavo Menna firm\u00f3 un convenio con la Escuela de Abogadas y Abogados del Estado del Chubut y con el Centro de Estudios Pol\u00edticos y Sociales, con el objetivo de llevar adelante capacitaciones para los agentes legislativos. Adem\u00e1s de Menna, rubricaron el convenio el director ejecutivo de la Escuela de Abogadas y Abogados del [&hellip;]<\/p>\n","protected":false},"author":5,"featured_media":3432,"comment_status":"open","ping_status":"open","sticky":false,"template":"","format":"standard","meta":[],"categories":[14],"tags":[],"_links":{"self":[{"href":"https:\/\/politicapatagonica.com\/index.php\/wp-json\/wp\/v2\/posts\/3431"}],"collection":[{"href":"https:\/\/politicapatagonica.com\/index.php\/wp-json\/wp\/v2\/posts"}],"about":[{"href":"https:\/\/politicapatagonica.com\/index.php\/wp-json\/wp\/v2\/types\/post"}],"author":[{"embeddable":true,"href":"https:\/\/politicapatagonica.com\/index.php\/wp-json\/wp\/v2\/users\/5"}],"replies":[{"embeddable":true,"href":"https:\/\/politicapatagonica.com\/index.php\/wp-json\/wp\/v2\/comments?post=3431"}],"version-history":[{"count":4,"href":"https:\/\/politicapatagonica.com\/index.php\/wp-json\/wp\/v2\/posts\/3431\/revisions"}],"predecessor-version":[{"id":3443,"href":"https:\/\/politicapatagonica.com\/index.php\/wp-json\/wp\/v2\/posts\/3431\/revisions\/3443"}],"wp:featuredmedia":[{"embeddable":true,"href":"https:\/\/politicapatagonica.com\/index.php\/wp-json\/wp\/v2\/media\/3432"}],"wp:attachment":[{"href":"https:\/\/politicapatagonica.com\/index.php\/wp-json\/wp\/v2\/media?parent=3431"}],"wp:term":[{"taxonomy":"category","embeddable":true,"href":"https:\/\/politicapatagonica.com\/index.php\/wp-json\/wp\/v2\/categories?post=3431"},{"taxonomy":"post_tag","embeddable":true,"href":"https:\/\/politicapatagonica.com\/index.php\/wp-json\/wp\/v2\/tags?post=3431"}],"curies":[{"name":"wp","href":"https:\/\/api.w.org\/{rel}","templated":true}]}}