{"id":3428,"date":"2024-02-21T15:49:51","date_gmt":"2024-02-21T15:49:51","guid":{"rendered":"https:\/\/politicapatagonica.com\/?p=3428"},"modified":"2024-02-22T14:57:37","modified_gmt":"2024-02-22T14:57:37","slug":"juntan-firmas-contra-la-privatizacion-del-nacion","status":"publish","type":"post","link":"https:\/\/politicapatagonica.com\/index.php\/2024\/02\/21\/juntan-firmas-contra-la-privatizacion-del-nacion\/","title":{"rendered":"En La Pampa juntan firmas contra la privatizaci\u00f3n del Banco Naci\u00f3n"},"content":{"rendered":"\n<p><strong>El sindicato La Bancaria, trabajadores y trabajadoras del Banco Naci\u00f3n participan activamente de una campa\u00f1a que busca juntar firmas de respaldo para oponerse a la privatizaci\u00f3n de la entidad<\/strong>, motorizada por sectores del gobierno nacional.<\/p>\n\n\n\n<p>La campa\u00f1a arranc\u00f3 en la propia sede del Naci\u00f3n en Santa Rosa, se lleva a cabo en diversos lugares del pa\u00eds y el objetivo es llegar &#8220;a un mill\u00f3n de firmas&#8221;.<\/p>\n\n\n\n<p>La iniciativa se acord\u00f3 en una asamblea que se hizo en la sucursal de Santa Rosa, con la presencia del secretario general del gremio La Bancaria&nbsp;<strong>Ra\u00fal Ib\u00e1\u00f1ez&nbsp;<\/strong>y de la secretaria adjunta&nbsp;<strong>Shirley Bustos<\/strong>.&nbsp;<\/p>\n\n\n\n<p>La recolecci\u00f3n de firmas estar\u00e1 abierta a todo el personal y a la comunidad en general. Se realiza a trav\u00e9s de un libro que recorre las diferentes sucursales de la provincia.&nbsp;<\/p>\n\n\n\n<p>Las personas tambi\u00e9n pueden acercarse a sumar su firma en la sucursal de BNA Santa Rosa, o en el gremio La Bancaria, ubicado en Lagos 255.<\/p>\n\n\n\n<p><strong>Fuente: www.eldiariodelapampa.com.ar<\/strong><\/p>\n","protected":false},"excerpt":{"rendered":"<p>El sindicato La Bancaria, trabajadores y trabajadoras del Banco Naci\u00f3n participan activamente de una campa\u00f1a que busca juntar firmas de respaldo para oponerse a la privatizaci\u00f3n de la entidad, motorizada por sectores del gobierno nacional. La campa\u00f1a arranc\u00f3 en la propia sede del Naci\u00f3n en Santa Rosa, se lleva a cabo en diversos lugares del [&hellip;]<\/p>\n","protected":false},"author":5,"featured_media":3429,"comment_status":"open","ping_status":"open","sticky":false,"template":"","format":"standard","meta":[],"categories":[10],"tags":[],"_links":{"self":[{"href":"https:\/\/politicapatagonica.com\/index.php\/wp-json\/wp\/v2\/posts\/3428"}],"collection":[{"href":"https:\/\/politicapatagonica.com\/index.php\/wp-json\/wp\/v2\/posts"}],"about":[{"href":"https:\/\/politicapatagonica.com\/index.php\/wp-json\/wp\/v2\/types\/post"}],"author":[{"embeddable":true,"href":"https:\/\/politicapatagonica.com\/index.php\/wp-json\/wp\/v2\/users\/5"}],"replies":[{"embeddable":true,"href":"https:\/\/politicapatagonica.com\/index.php\/wp-json\/wp\/v2\/comments?post=3428"}],"version-history":[{"count":2,"href":"https:\/\/politicapatagonica.com\/index.php\/wp-json\/wp\/v2\/posts\/3428\/revisions"}],"predecessor-version":[{"id":3445,"href":"https:\/\/politicapatagonica.com\/index.php\/wp-json\/wp\/v2\/posts\/3428\/revisions\/3445"}],"wp:featuredmedia":[{"embeddable":true,"href":"https:\/\/politicapatagonica.com\/index.php\/wp-json\/wp\/v2\/media\/3429"}],"wp:attachment":[{"href":"https:\/\/politicapatagonica.com\/index.php\/wp-json\/wp\/v2\/media?parent=3428"}],"wp:term":[{"taxonomy":"category","embeddable":true,"href":"https:\/\/politicapatagonica.com\/index.php\/wp-json\/wp\/v2\/categories?post=3428"},{"taxonomy":"post_tag","embeddable":true,"href":"https:\/\/politicapatagonica.com\/index.php\/wp-json\/wp\/v2\/tags?post=3428"}],"curies":[{"name":"wp","href":"https:\/\/api.w.org\/{rel}","templated":true}]}}