{"id":3425,"date":"2024-02-21T15:06:39","date_gmt":"2024-02-21T15:06:39","guid":{"rendered":"https:\/\/politicapatagonica.com\/?p=3425"},"modified":"2024-02-22T15:01:47","modified_gmt":"2024-02-22T15:01:47","slug":"julio-gutierrez-dijo-que-la-paritaria-se-cerro-de-forma-democratica","status":"publish","type":"post","link":"https:\/\/politicapatagonica.com\/index.php\/2024\/02\/21\/julio-gutierrez-dijo-que-la-paritaria-se-cerro-de-forma-democratica\/","title":{"rendered":"Dicen que la paritaria estatal en Santa Cruz se cerr\u00f3 de \u201cforma democr\u00e1tica\u201d\u00a0"},"content":{"rendered":"\n<p>Luego de la pol\u00e9mica paritaria central, en la que el Gobierno ofreci\u00f3 un 20 por ciento en dos tramos para los trabajadores estatales de la Administraci\u00f3n Central de Santa Cruz,\u00a0ATE denunci\u00f3 una pr\u00e1ctica ilegal por el desempate logrado con la intervenci\u00f3n\u00a0del Ministerio de Trabajo.\u00a0<strong>El titular de esa cartera provincial, Julio Guti\u00e9rrez, dijo al respecto que \u201cla paritaria central se cerr\u00f3 de forma democr\u00e1tica y con el mayor esfuerzo posible, teniendo en cuenta la situaci\u00f3n financiera de la Provincia\u201d.\u00a0<\/strong><\/p>\n\n\n\n<p>En otro punto de la entrevista con medios locales, <strong>Guti\u00e9rrez apunt\u00f3 al paro que anunci\u00f3 ATE<\/strong> en caso de que no se convoque nuevamente a negociar, y<strong> los acus\u00f3 de \u201ccometer una ilegalidad por una paritaria que ya est\u00e1 cerrada y de no reconocer el saqueo que sufri\u00f3 Santa Cruz, en el Gobierno anterior\u201d. <\/strong>&nbsp;<\/p>\n\n\n\n<p>\u201cSe trata de una propuesta responsable y acorde a las posibilidades de<strong> la Provincia, que se comprometi\u00f3 a mantener la paritaria abierta y a revisar el salario cada dos meses, a partir de abril\u201d<\/strong>, expres\u00f3. &nbsp;<\/p>\n\n\n\n<p>Guti\u00e9rrez argument\u00f3 que este m\u00e9todo de desempate est\u00e1 \u201cestablecido hace tiempo y no es creaci\u00f3n nuestra. La propuesta nuestra fue aceptada por dos de los gremios, el otro gremio no acept\u00f3, y nos toc\u00f3 a nosotros desempatar y cerrar la paritaria de esa manera. Los trabajadores van a cobrar ahora el primer aumento y, el mes siguiente, el otro\u201d. &nbsp;<\/p>\n\n\n\n<p><strong>\u201cEllos pueden hacer lo que realmente les parezca&nbsp;pero&nbsp;ac\u00e1&nbsp;la realidad, es que fue totalmente democr\u00e1tico. Los otros dos gremios aceptaron la propuesta que se hizo desde el Ejecutivo. La autoridad laboral hizo como corresponde, el acta que corresponde. Y as\u00ed fue como se cerr\u00f3 la paritaria. Esto es importante a tener en cuenta. Se hizo el mayor esfuerzo de acuerdo a c\u00f3mo estaban las cuentas&nbsp;y lo que es de p\u00fablico conocimiento. Nos han dejado la provincia saqueada y muchos de los dirigentes gremiales son testigos de eso. Algunos, con responsabilidad, aceptaron la paritaria.&nbsp;Otros necesitan, evidentemente, m\u00e1s tiempo.&nbsp;Pero la paritaria est\u00e1 cerrada, est\u00e1 aprobada. Con lo cual, los trabajadores recibir\u00e1n el incremento salarial a partir de este mes\u201d, indic\u00f3. &nbsp;<\/strong><\/p>\n\n\n\n<p>\u201cQuiero&nbsp;tambi\u00e9n&nbsp;-ya que estoy-,&nbsp;para&nbsp;la gente que nos est\u00e1 viendo y&nbsp;nos est\u00e1 escuchando, decirles que estamos trabajando con mucha responsabilidad, con mucho compromiso, con mucha honestidad.<strong> Y que estamos recibiendo el apoyo de mucha gente, de muchos trabajadores, de muchos medios de comunicaci\u00f3n que nos est\u00e1n acompa\u00f1ando en este proceso de transformaci\u00f3n que estamos llevando adelante en Santa Cruz\u201d, cerr\u00f3. &nbsp;<\/strong><\/p>\n\n\n\n<p><strong>Fuente: www.tiemposur.com.ar<\/strong><\/p>\n","protected":false},"excerpt":{"rendered":"<p>Luego de la pol\u00e9mica paritaria central, en la que el Gobierno ofreci\u00f3 un 20 por ciento en dos tramos para los trabajadores estatales de la Administraci\u00f3n Central de Santa Cruz,\u00a0ATE denunci\u00f3 una pr\u00e1ctica ilegal por el desempate logrado con la intervenci\u00f3n\u00a0del Ministerio de Trabajo.\u00a0El titular de esa cartera provincial, Julio Guti\u00e9rrez, dijo al respecto que [&hellip;]<\/p>\n","protected":false},"author":5,"featured_media":3426,"comment_status":"open","ping_status":"open","sticky":false,"template":"","format":"standard","meta":[],"categories":[8],"tags":[],"_links":{"self":[{"href":"https:\/\/politicapatagonica.com\/index.php\/wp-json\/wp\/v2\/posts\/3425"}],"collection":[{"href":"https:\/\/politicapatagonica.com\/index.php\/wp-json\/wp\/v2\/posts"}],"about":[{"href":"https:\/\/politicapatagonica.com\/index.php\/wp-json\/wp\/v2\/types\/post"}],"author":[{"embeddable":true,"href":"https:\/\/politicapatagonica.com\/index.php\/wp-json\/wp\/v2\/users\/5"}],"replies":[{"embeddable":true,"href":"https:\/\/politicapatagonica.com\/index.php\/wp-json\/wp\/v2\/comments?post=3425"}],"version-history":[{"count":2,"href":"https:\/\/politicapatagonica.com\/index.php\/wp-json\/wp\/v2\/posts\/3425\/revisions"}],"predecessor-version":[{"id":3447,"href":"https:\/\/politicapatagonica.com\/index.php\/wp-json\/wp\/v2\/posts\/3425\/revisions\/3447"}],"wp:featuredmedia":[{"embeddable":true,"href":"https:\/\/politicapatagonica.com\/index.php\/wp-json\/wp\/v2\/media\/3426"}],"wp:attachment":[{"href":"https:\/\/politicapatagonica.com\/index.php\/wp-json\/wp\/v2\/media?parent=3425"}],"wp:term":[{"taxonomy":"category","embeddable":true,"href":"https:\/\/politicapatagonica.com\/index.php\/wp-json\/wp\/v2\/categories?post=3425"},{"taxonomy":"post_tag","embeddable":true,"href":"https:\/\/politicapatagonica.com\/index.php\/wp-json\/wp\/v2\/tags?post=3425"}],"curies":[{"name":"wp","href":"https:\/\/api.w.org\/{rel}","templated":true}]}}