{"id":3409,"date":"2024-02-20T13:34:57","date_gmt":"2024-02-20T13:34:57","guid":{"rendered":"https:\/\/politicapatagonica.com\/?p=3409"},"modified":"2024-02-20T15:27:09","modified_gmt":"2024-02-20T15:27:09","slug":"caputo-elogio-a-torres-por-crear-el-fondo-de-incentivo-docente-provincial","status":"publish","type":"post","link":"https:\/\/politicapatagonica.com\/index.php\/2024\/02\/20\/caputo-elogio-a-torres-por-crear-el-fondo-de-incentivo-docente-provincial\/","title":{"rendered":"Caputo elogi\u00f3 a Nacho Torres por crear el Fondo de Incentivo Docente Provincial en Chubut"},"content":{"rendered":"\n<p><strong>El Ministro de Econom\u00eda de la Argentina, Luis Caputo, elogi\u00f3 al gobernador de Chubut, Ignacio Torres, de crear un Fondo de Incentivo Docente provincial luego de que el Ejecutivo Nacional anunciara el cese de env\u00edo de fondos destinados para la educaci\u00f3n.<\/strong><\/p>\n\n\n\n<blockquote class=\"wp-block-quote\">\n<h3>\u201cEs un excelente ejemplo de que cuando se establecen las reglas correctas se generan consecuencias correctas: lo que est\u00e1 haciendo en Chubut es lo que debieran hacer todas las provincias, es un tema provincial\u201d, declar\u00f3.<\/h3>\n<\/blockquote>\n\n\n\n<p>Enfatiz\u00f3 que,<strong> si los gobernadores quieren otorgar un subsidio a la educaci\u00f3n o al transporte, &#8220;lo tienen que sacar de sus arcas&#8221;<\/strong>, ya que &#8220;la Naci\u00f3n no es el t\u00edo bobo que imprime pesos y reparte plata&#8221;.<\/p>\n\n\n\n<p><strong>FONDO INCENTIVO DOCENTE DE CHUBUT<\/strong><\/p>\n\n\n\n<p>El pasado lunes se reanud\u00f3 en Rawson la negociaci\u00f3n paritaria con el sector docente, encuentro que estuvo encabezado por el gobernador&nbsp;<strong>Ignacio Torres.<\/strong><\/p>\n\n\n\n<p>En la ocasi\u00f3n, el mandatario anunci\u00f3 a los gremios presentes la decisi\u00f3n del Gobierno provincial de crear el &#8220;<em><strong>Incentivo Provincial Docente<\/strong><\/em>&#8220;, un fondo que buscar\u00e1 compensar la quita del FONID (<em>Fondo Nacional de Incentivo Docente<\/em>) que anunci\u00f3 el Gobierno nacional d\u00edas atr\u00e1s.<\/p>\n\n\n\n<p>&#8220;Gracias a un programa de austeridad, a un gran esfuerzo fiscal, y al acompa\u00f1amiento del sector privado, a trav\u00e9s de un programa de responsabilidad social empresaria, creamos el &#8216;<em>Incentivo Provincial Docente'&#8221;<\/em>, destac\u00f3 el mandatario.<\/p>\n\n\n\n<p>\u201cDe esta manera, y con el aumento del canon pesquero, vamos a compensar la quita del FONID a nivel nacional, la cual representa una suma de&nbsp;<strong>600 millones de pesos<\/strong>, para que no impacte directamente en el bolsillo de los docentes&#8221;, detall\u00f3.<\/p>\n\n\n\n<p><strong>Fuente: www.elchubut.com.ar<\/strong><\/p>\n","protected":false},"excerpt":{"rendered":"<p>El Ministro de Econom\u00eda de la Argentina, Luis Caputo, elogi\u00f3 al gobernador de Chubut, Ignacio Torres, de crear un Fondo de Incentivo Docente provincial luego de que el Ejecutivo Nacional anunciara el cese de env\u00edo de fondos destinados para la educaci\u00f3n. \u201cEs un excelente ejemplo de que cuando se establecen las reglas correctas se generan [&hellip;]<\/p>\n","protected":false},"author":5,"featured_media":3410,"comment_status":"open","ping_status":"open","sticky":false,"template":"","format":"standard","meta":[],"categories":[14],"tags":[],"_links":{"self":[{"href":"https:\/\/politicapatagonica.com\/index.php\/wp-json\/wp\/v2\/posts\/3409"}],"collection":[{"href":"https:\/\/politicapatagonica.com\/index.php\/wp-json\/wp\/v2\/posts"}],"about":[{"href":"https:\/\/politicapatagonica.com\/index.php\/wp-json\/wp\/v2\/types\/post"}],"author":[{"embeddable":true,"href":"https:\/\/politicapatagonica.com\/index.php\/wp-json\/wp\/v2\/users\/5"}],"replies":[{"embeddable":true,"href":"https:\/\/politicapatagonica.com\/index.php\/wp-json\/wp\/v2\/comments?post=3409"}],"version-history":[{"count":2,"href":"https:\/\/politicapatagonica.com\/index.php\/wp-json\/wp\/v2\/posts\/3409\/revisions"}],"predecessor-version":[{"id":3415,"href":"https:\/\/politicapatagonica.com\/index.php\/wp-json\/wp\/v2\/posts\/3409\/revisions\/3415"}],"wp:featuredmedia":[{"embeddable":true,"href":"https:\/\/politicapatagonica.com\/index.php\/wp-json\/wp\/v2\/media\/3410"}],"wp:attachment":[{"href":"https:\/\/politicapatagonica.com\/index.php\/wp-json\/wp\/v2\/media?parent=3409"}],"wp:term":[{"taxonomy":"category","embeddable":true,"href":"https:\/\/politicapatagonica.com\/index.php\/wp-json\/wp\/v2\/categories?post=3409"},{"taxonomy":"post_tag","embeddable":true,"href":"https:\/\/politicapatagonica.com\/index.php\/wp-json\/wp\/v2\/tags?post=3409"}],"curies":[{"name":"wp","href":"https:\/\/api.w.org\/{rel}","templated":true}]}}