{"id":3404,"date":"2024-02-20T12:59:58","date_gmt":"2024-02-20T12:59:58","guid":{"rendered":"https:\/\/politicapatagonica.com\/?p=3404"},"modified":"2024-02-20T15:34:19","modified_gmt":"2024-02-20T15:34:19","slug":"melella-se-pronuncio-contra-la-presencia-de-david-cameron-en-malvinas","status":"publish","type":"post","link":"https:\/\/politicapatagonica.com\/index.php\/2024\/02\/20\/melella-se-pronuncio-contra-la-presencia-de-david-cameron-en-malvinas\/","title":{"rendered":"El gobernador Melella se pronunci\u00f3 contra la presencia de David Cameron en las Islas Malvinas"},"content":{"rendered":"\n<p>El Gobierno de Tierra del Fuego, Ant\u00e1rtida e Islas del Atl\u00e1ntico Sur, declar\u00f3 como <strong>persona \u201cno grata\u201d<\/strong> <strong>en todo el territorio fueguino al canciller brit\u00e1nico David Cameron<\/strong> en ocasi\u00f3n de su presencia en las Islas Malvinas.<\/p>\n\n\n\n<p>La visita de Cameron se produce en el marco de su participaci\u00f3n en la<strong> Reuni\u00f3n de Cancilleres del G20<\/strong> que se realiza en estos d\u00edas y a la que tambi\u00e9n asistir\u00e1 la canciller argentina Diana Mondino.<\/p>\n\n\n\n<p>El gobernador Gustavo Melella calific\u00f3 a la visita de Cameron como<strong> \u201cuna nueva acci\u00f3n brit\u00e1nica en busca de menoscabar nuestros leg\u00edtimos derechos sobre nuestras Islas Malvinas y de sostener sus pol\u00edticas colonialistas<\/strong>, y nosotros no lo vamos a permitir\u201d. <\/p>\n\n\n\n<p>Adem\u00e1s sostuvo que \u201cen tanto persista la usurpaci\u00f3n brit\u00e1nica\u00a0 en nuestro territorio y Gran Breta\u00f1a se siga rehusando a retomar el di\u00e1logo para devolvernos lo que por historia y derecho nos pertenece,\u00a0 ning\u00fan representante colonial que enaltezca pol\u00edticas contrarias a nuestra integridad territorial o sean irreverentes para con nuestros H\u00e9roes de Malvinas, ser\u00e1n bienvenidos a nuestra provincia\u201d.<\/p>\n\n\n\n<p><strong>Contenido del decreto<\/strong><\/p>\n\n\n\n<p>En ese sentido el decreto estipula que \u201cla visita del Sr. Cameron tiene lugar en el marco del ejercicio de la ocupaci\u00f3n ilegal brit\u00e1nica de las Islas Malvinas\u201d y que el Gobierno fueguino \u201crechaza en todos sus t\u00e9rminos la presencia\u201d del secretario brit\u00e1nico.<\/p>\n\n\n\n<p>Asimismo, establece que la misma <strong>\u201crepresenta una injustificada provocaci\u00f3n, una total falta de buena fe en el cumplimiento de las obligaciones internacionales por parte del Reino Unido<\/strong> y una falta de respeto al derecho internacional que ese pa\u00eds ha venido demostrando con relaci\u00f3n a la persistencia de una anacr\u00f3nica situaci\u00f3n colonial que agravia no s\u00f3lo a la Rep\u00fablica Argentina sino tambi\u00e9n a la regi\u00f3n en su conjunto\u201d.<\/p>\n\n\n\n<p>El texto oficial define a la presencia de Cameron como \u201cun nuevo precedente del accionar unilateral brit\u00e1nico contrario al llamado de la comunidad internacional que solicita retomar el proceso de negociaci\u00f3n para encontrar una soluci\u00f3n pac\u00edfica y duradera a la Cuesti\u00f3n de las Islas Malvinas, al tiempo que insta a poner fin al colonialismo en todas sus formas\u201d.<\/p>\n\n\n\n<p>A su vez destaca <strong>la afrenta que esta visita significa para los ex combatientes y Ca\u00eddos en el Conflicto del Atl\u00e1ntico Sur<\/strong> as\u00ed como al pueblo argentino en su totalidad.<\/p>\n\n\n\n<p>En esa l\u00ednea, se indica que <strong>David Cameron es el principal responsable de la violaciones brit\u00e1nicas a las resoluciones de la ONU <\/strong>sobre la Cuesti\u00f3n Malvinas y recuerda que cuando era Primer Ministro fue una de las principales figuras del Gobierno brit\u00e1nico en atacar sistem\u00e1ticamente los derechos argentinos acusando a nuestro pa\u00eds de \u201ccolonialista\u201d.<\/p>\n\n\n\n<p><strong>El canciller brit\u00e1nico ha abogado por el mantenimiento y el crecimiento de la militarizaci\u00f3n del Atl\u00e1ntico Sur al tiempo que ha hecho o\u00eddos sordos ante la denuncia sobre la presencia de armas nucleares introducidas por la potencia colonial en la regi\u00f3n.<\/strong><\/p>\n\n\n\n<p>Finalmente, el Ejecutivo provincial establece que \u201cno permitir\u00e1 que la presencia dentro de su jurisdicci\u00f3n del Secretario de Estado para Relaciones Exteriores y de la Mancomunidad del Estado que ocupa ileg\u00edtima e ilegalmente nuestro territorio, violando nuestra integridad territorial, quede impune\u201d.<\/p>\n\n\n\n<p><strong>Fuente: www.eldiariodelfindelmundo.com<\/strong><\/p>\n","protected":false},"excerpt":{"rendered":"<p>El Gobierno de Tierra del Fuego, Ant\u00e1rtida e Islas del Atl\u00e1ntico Sur, declar\u00f3 como persona \u201cno grata\u201d en todo el territorio fueguino al canciller brit\u00e1nico David Cameron en ocasi\u00f3n de su presencia en las Islas Malvinas. La visita de Cameron se produce en el marco de su participaci\u00f3n en la Reuni\u00f3n de Cancilleres del G20 [&hellip;]<\/p>\n","protected":false},"author":5,"featured_media":3418,"comment_status":"open","ping_status":"open","sticky":false,"template":"","format":"standard","meta":[],"categories":[11],"tags":[],"_links":{"self":[{"href":"https:\/\/politicapatagonica.com\/index.php\/wp-json\/wp\/v2\/posts\/3404"}],"collection":[{"href":"https:\/\/politicapatagonica.com\/index.php\/wp-json\/wp\/v2\/posts"}],"about":[{"href":"https:\/\/politicapatagonica.com\/index.php\/wp-json\/wp\/v2\/types\/post"}],"author":[{"embeddable":true,"href":"https:\/\/politicapatagonica.com\/index.php\/wp-json\/wp\/v2\/users\/5"}],"replies":[{"embeddable":true,"href":"https:\/\/politicapatagonica.com\/index.php\/wp-json\/wp\/v2\/comments?post=3404"}],"version-history":[{"count":7,"href":"https:\/\/politicapatagonica.com\/index.php\/wp-json\/wp\/v2\/posts\/3404\/revisions"}],"predecessor-version":[{"id":3424,"href":"https:\/\/politicapatagonica.com\/index.php\/wp-json\/wp\/v2\/posts\/3404\/revisions\/3424"}],"wp:featuredmedia":[{"embeddable":true,"href":"https:\/\/politicapatagonica.com\/index.php\/wp-json\/wp\/v2\/media\/3418"}],"wp:attachment":[{"href":"https:\/\/politicapatagonica.com\/index.php\/wp-json\/wp\/v2\/media?parent=3404"}],"wp:term":[{"taxonomy":"category","embeddable":true,"href":"https:\/\/politicapatagonica.com\/index.php\/wp-json\/wp\/v2\/categories?post=3404"},{"taxonomy":"post_tag","embeddable":true,"href":"https:\/\/politicapatagonica.com\/index.php\/wp-json\/wp\/v2\/tags?post=3404"}],"curies":[{"name":"wp","href":"https:\/\/api.w.org\/{rel}","templated":true}]}}