{"id":3400,"date":"2024-02-19T14:16:23","date_gmt":"2024-02-19T14:16:23","guid":{"rendered":"https:\/\/politicapatagonica.com\/?p=3400"},"modified":"2024-02-19T14:16:25","modified_gmt":"2024-02-19T14:16:25","slug":"garzon-el-100-de-los-trabajadores-de-esta-paritaria-hoy-son-pobres","status":"publish","type":"post","link":"https:\/\/politicapatagonica.com\/index.php\/2024\/02\/19\/garzon-el-100-de-los-trabajadores-de-esta-paritaria-hoy-son-pobres\/","title":{"rendered":"Garz\u00f3n: \u201cEl 100 % de los trabajadores de esta paritaria, hoy son pobres\u201d"},"content":{"rendered":"\n<p>La semana pasada inici\u00f3 la\u00a0<strong>Paritaria Central\u00a0<\/strong>con el Gobierno Provincial, por lo que luego del\u00a0cuarto intermedio acordado,\u00a0los sindicatos y el Ejecutivo volver\u00e1n a reunirse\u00a0en la jornada de este lunes 19 de febrero a las 17 horas.\u00a0<\/p>\n\n\n\n<p><strong>Carlos Garz\u00f3n<\/strong>, secretario general de ATE Santa Cruz, estuvo en comunicaci\u00f3n con&nbsp;<strong>La Parada, programa que se emite por&nbsp;Tiempo FM 97.5,<\/strong>&nbsp;refiri\u00e9ndose&nbsp;al cuadro de situaci\u00f3n de&nbsp;la instancia de negociaci\u00f3n salarial.<\/p>\n\n\n\n<p>En este contexto, Garz\u00f3n expres\u00f3: \u201c\u00daltimamente, desde el 10 de diciembre a la fecha, lo que tenemos es angustia e incertidumbre. Estamos peleando la reincorporaci\u00f3n de trabajadores despedidos arbitrariamente\u201d.<\/p>\n\n\n\n<p>\u201cHay una estigmatizaci\u00f3n de los agentes&nbsp;del Estado que nos preocupa.&nbsp;Y&nbsp;nos preocupa la situaci\u00f3n de crisis econ\u00f3mica profunda que afecta a la masa de trabajadores y, particularmente, a la Administraci\u00f3n Central. El 100 % de los trabajadores de esta paritaria, que son 7.000, hoy son pobres\u201d, remarc\u00f3.<\/p>\n\n\n\n<p>Seguidamente, el&nbsp;<strong>secretario general de ATE&nbsp;<\/strong>argument\u00f3: \u201cNo me sorprende que nuestro sindicato haya sido colaboracionista&nbsp;del Gobierno anterior y no ha estado a la altura de la circunstancia para nuestros trabajadores. Tenemos que ver la realidad de nuestra provincia,&nbsp;el Gobierno actual ha llevado algunos n\u00fameros que nosotros les pedimos\u201d.<\/p>\n\n\n\n<p>\u201cHa bajado la Coparticipaci\u00f3n\u00a0pero\u00a0<strong>hay un super\u00e1vit primario de m\u00e1s de 3.500 millones,<\/strong>\u00a0sin contar deuda, que demuestra que no hay una emergencia econ\u00f3mica. Si el Gobierno ofrece un 30 %, nosotros seguimos estando muy por debajo\u201d, sum\u00f3, tras el encuentro con las autoridades\u00a0de la\u00a0cartera laboral.<\/p>\n\n\n\n<p>En tanto, explic\u00f3 el planteo de ATE ante el Ejecutivo Provincial: \u201cNosotros tenemos tres \u00e1reas que atacar:&nbsp;una&nbsp;es recuperar lo que se perdi\u00f3, la cl\u00e1usula gatillo por la hiperinflaci\u00f3n.&nbsp;Y&nbsp;poner un porcentaje para que a fin de a\u00f1o terminemos ganando, esto es lo ideal\u201d.<\/p>\n\n\n\n<p>\u201cQueremos crear un<strong>&nbsp;plan de vivienda o un paliativo<\/strong>&nbsp;para que esto se acomode, estamos en \u00e9poca de crisis, estamos dispuestos a hablar con el Gobierno.&nbsp;Pero no tiene que ir en detrimento de la gente\u201d, enfatiz\u00f3.<\/p>\n\n\n\n<p>\u201cLo del\u00a0<strong>Salario M\u00ednimo<\/strong>\u00a0se toma para muchos sectores, como la ampliaci\u00f3n y aumento de planes sociales.\u00a0Pasa lo mismo con la paritaria central\u00a0y siempre quieren llevar a la baja, porque es testigo para los otros sectores. Es importante poner un piso del Salario M\u00ednimo, Vital y M\u00f3vil\u201d, manifest\u00f3, tras el encuentro del Consejo del Salario a nivel nacional, d\u00edas atr\u00e1s.<\/p>\n\n\n\n<p><strong>Fuente: www.tiemposur.com.ar<\/strong><\/p>\n\n\n\n<p><a href=\"https:\/\/www.tiemposur.com.ar\/policiales\/murio-un-andinista-eslovaco-cuando-intentaba-hacer-cumbre-en-el-aconcagua\"><\/a><\/p>\n","protected":false},"excerpt":{"rendered":"<p>La semana pasada inici\u00f3 la\u00a0Paritaria Central\u00a0con el Gobierno Provincial, por lo que luego del\u00a0cuarto intermedio acordado,\u00a0los sindicatos y el Ejecutivo volver\u00e1n a reunirse\u00a0en la jornada de este lunes 19 de febrero a las 17 horas.\u00a0 Carlos Garz\u00f3n, secretario general de ATE Santa Cruz, estuvo en comunicaci\u00f3n con&nbsp;La Parada, programa que se emite por&nbsp;Tiempo FM 97.5,&nbsp;refiri\u00e9ndose&nbsp;al [&hellip;]<\/p>\n","protected":false},"author":5,"featured_media":3401,"comment_status":"open","ping_status":"open","sticky":false,"template":"","format":"standard","meta":[],"categories":[8],"tags":[],"_links":{"self":[{"href":"https:\/\/politicapatagonica.com\/index.php\/wp-json\/wp\/v2\/posts\/3400"}],"collection":[{"href":"https:\/\/politicapatagonica.com\/index.php\/wp-json\/wp\/v2\/posts"}],"about":[{"href":"https:\/\/politicapatagonica.com\/index.php\/wp-json\/wp\/v2\/types\/post"}],"author":[{"embeddable":true,"href":"https:\/\/politicapatagonica.com\/index.php\/wp-json\/wp\/v2\/users\/5"}],"replies":[{"embeddable":true,"href":"https:\/\/politicapatagonica.com\/index.php\/wp-json\/wp\/v2\/comments?post=3400"}],"version-history":[{"count":1,"href":"https:\/\/politicapatagonica.com\/index.php\/wp-json\/wp\/v2\/posts\/3400\/revisions"}],"predecessor-version":[{"id":3403,"href":"https:\/\/politicapatagonica.com\/index.php\/wp-json\/wp\/v2\/posts\/3400\/revisions\/3403"}],"wp:featuredmedia":[{"embeddable":true,"href":"https:\/\/politicapatagonica.com\/index.php\/wp-json\/wp\/v2\/media\/3401"}],"wp:attachment":[{"href":"https:\/\/politicapatagonica.com\/index.php\/wp-json\/wp\/v2\/media?parent=3400"}],"wp:term":[{"taxonomy":"category","embeddable":true,"href":"https:\/\/politicapatagonica.com\/index.php\/wp-json\/wp\/v2\/categories?post=3400"},{"taxonomy":"post_tag","embeddable":true,"href":"https:\/\/politicapatagonica.com\/index.php\/wp-json\/wp\/v2\/tags?post=3400"}],"curies":[{"name":"wp","href":"https:\/\/api.w.org\/{rel}","templated":true}]}}