{"id":3397,"date":"2024-02-19T13:39:46","date_gmt":"2024-02-19T13:39:46","guid":{"rendered":"https:\/\/politicapatagonica.com\/?p=3397"},"modified":"2024-02-19T14:20:14","modified_gmt":"2024-02-19T14:20:14","slug":"weretilneck-y-el-apoyo-gremial-ante-la-tension-con-nacion","status":"publish","type":"post","link":"https:\/\/politicapatagonica.com\/index.php\/2024\/02\/19\/weretilneck-y-el-apoyo-gremial-ante-la-tension-con-nacion\/","title":{"rendered":"Weretilneck y el apoyo gremial ante la tensi\u00f3n con Naci\u00f3n"},"content":{"rendered":"\n<p>El gobernador Alberto Weretilneck comparti\u00f3 con gremios provinciales la <strong>preocupaci\u00f3n ante la decisi\u00f3n del Gobierno nacional de retener los fondos destinados a educaci\u00f3n y transporte<\/strong>, que afectan sensiblemente el funcionamiento del Estado en materia educativa y a los trabajadores en el uso del transporte.<\/p>\n\n\n\n<p><strong>Weretilneck se reuni\u00f3 en Bariloche con el secretario general de la CTA de los Trabajadores de R\u00edo Negro y secretario de Asuntos Previsionales de la CTERA; Jorge Molina, el secretario de la Regional Andina de la CTA, Edgardo Straini, y el secretario de Finanzas de la CTA, Mario Gim\u00e9nez.<\/strong><\/p>\n\n\n\n<p>La informaci\u00f3n oficial indic\u00f3 que hubo consenso en buscar soluciones locales para asegurar la continuidad de los servicios educativos, incluyendo el transporte de alumnos y la <strong>provisi\u00f3n de alimentos en los comedores escolares.<\/strong><\/p>\n\n\n\n<p>A su vez, <strong>Weretilneck explic\u00f3 las medidas del gobierno rionegrino para contrarrestar las pol\u00edticas de ajuste implementadas por el gobierno de Javier Milei<\/strong>, y de esta manera mejorar la infraestructura escolar y fortalecer el sistema de salud provincial y adem\u00e1s, reafirm\u00f3 el compromiso del Gobierno provincial de trabajar en conjunto con los diferentes sectores sociales y sindicales para defender los derechos adquiridos y hacer frente a cualquier medida de ajuste que afecte a la clase trabajadora.<\/p>\n\n\n\n<p><strong>Fuente: adnrionegro.com.ar<\/strong><\/p>\n","protected":false},"excerpt":{"rendered":"<p>El gobernador Alberto Weretilneck comparti\u00f3 con gremios provinciales la preocupaci\u00f3n ante la decisi\u00f3n del Gobierno nacional de retener los fondos destinados a educaci\u00f3n y transporte, que afectan sensiblemente el funcionamiento del Estado en materia educativa y a los trabajadores en el uso del transporte. Weretilneck se reuni\u00f3 en Bariloche con el secretario general de la [&hellip;]<\/p>\n","protected":false},"author":5,"featured_media":3398,"comment_status":"open","ping_status":"open","sticky":false,"template":"","format":"standard","meta":[],"categories":[13],"tags":[],"_links":{"self":[{"href":"https:\/\/politicapatagonica.com\/index.php\/wp-json\/wp\/v2\/posts\/3397"}],"collection":[{"href":"https:\/\/politicapatagonica.com\/index.php\/wp-json\/wp\/v2\/posts"}],"about":[{"href":"https:\/\/politicapatagonica.com\/index.php\/wp-json\/wp\/v2\/types\/post"}],"author":[{"embeddable":true,"href":"https:\/\/politicapatagonica.com\/index.php\/wp-json\/wp\/v2\/users\/5"}],"replies":[{"embeddable":true,"href":"https:\/\/politicapatagonica.com\/index.php\/wp-json\/wp\/v2\/comments?post=3397"}],"version-history":[{"count":1,"href":"https:\/\/politicapatagonica.com\/index.php\/wp-json\/wp\/v2\/posts\/3397\/revisions"}],"predecessor-version":[{"id":3399,"href":"https:\/\/politicapatagonica.com\/index.php\/wp-json\/wp\/v2\/posts\/3397\/revisions\/3399"}],"wp:featuredmedia":[{"embeddable":true,"href":"https:\/\/politicapatagonica.com\/index.php\/wp-json\/wp\/v2\/media\/3398"}],"wp:attachment":[{"href":"https:\/\/politicapatagonica.com\/index.php\/wp-json\/wp\/v2\/media?parent=3397"}],"wp:term":[{"taxonomy":"category","embeddable":true,"href":"https:\/\/politicapatagonica.com\/index.php\/wp-json\/wp\/v2\/categories?post=3397"},{"taxonomy":"post_tag","embeddable":true,"href":"https:\/\/politicapatagonica.com\/index.php\/wp-json\/wp\/v2\/tags?post=3397"}],"curies":[{"name":"wp","href":"https:\/\/api.w.org\/{rel}","templated":true}]}}