{"id":3393,"date":"2024-02-16T13:22:12","date_gmt":"2024-02-16T13:22:12","guid":{"rendered":"https:\/\/politicapatagonica.com\/?p=3393"},"modified":"2024-02-22T19:08:56","modified_gmt":"2024-02-22T19:08:56","slug":"que-dijo-jorge-sapag-sobre-javier-milei-y-su-politica-de-agravios","status":"publish","type":"post","link":"https:\/\/politicapatagonica.com\/index.php\/2024\/02\/16\/que-dijo-jorge-sapag-sobre-javier-milei-y-su-politica-de-agravios\/","title":{"rendered":"Qu\u00e9 dijo Jorge Sapag sobre Javier Milei y su pol\u00edtica de &#8220;agravios&#8221;"},"content":{"rendered":"\n<p><strong>Jorge Sapag\u00a0<\/strong>dijo alguna vez que los agravios en pol\u00edtica prescriben a los seis meses. Pero qu\u00e9 hacer con un gobierno como el de<strong>\u00a0Javier Milei<\/strong>\u00a0que hizo del ataque un sistema, con una batalla abierta contra los gobernadores, a todo o nada.<\/p>\n\n\n\n<p>\u201cLa motosierra y la licuadora no se negocian\u201d, dijo el presidente, en un claro mensaje que pondr\u00e1 fin a las transferencias del transporte y la obra p\u00fablica.<\/p>\n\n\n\n<p>El dos veces gobernador Jorge Sapag habl\u00f3 tras el discurso del intendente<strong>\u00a0Mariano Gaido\u00a0<\/strong>en la apertura de sesiones ordinarias, donde asisti\u00f3 el gobernador Rolando Figueroa y tambi\u00e9n Omar Guti\u00e9rrez, ahora en el directorio de YPF por Neuqu\u00e9n.<\/p>\n\n\n\n<p><strong>\u201cUna sola persona no tiene toda la verdad <\/strong>que esperemos que en lugar de la ofensa\u00a0y el agravio, sobre todo a partir de una instituci\u00f3n como es la Presidencia de la Naci\u00f3n, no se puede construir\u201d, advirti\u00f3 Sapag.<\/p>\n\n\n\n<p>Y acot\u00f3: \u201cHay que construir a partir del di\u00e1logo y de entender c\u00f3mo funciona una provincia como Neuqu\u00e9n o Patagonia, que abastecen el 95 por ciento y el 100 por ciento del gas a la rep\u00fablica\u201d.<\/p>\n\n\n\n<p><strong>\u201cCreo que Naci\u00f3n reci\u00e9n est\u00e1 aterrizando a la realidad de lo que le toca gobernar&nbsp;<\/strong>y como dijo Mariano (Gaido) ellos tendr\u00edan que venir y conocer primero de qu\u00e9 se trata la provincia de Neuqu\u00e9n, qu\u00e9 es lo que le aporta a la Rep\u00fablica y a partir de al empezar a dialogar\u201d, expres\u00f3 Sapag.<\/p>\n\n\n\n<p>El ex gobernador dijo que Neuqu\u00e9n<strong> \u201cle da seguridad energ\u00e9tica a la rep\u00fablica\u201d con Vaca Muerta,<\/strong> las hidroel\u00e9ctricas y la energ\u00eda t\u00e9rmica, como una forma de hacer valer los recursos naturales y la pol\u00edtica propia para desarrollarlos.<\/p>\n\n\n\n<h2>Jorge Sapag: &#8220;Los veo trabajando juntos&#8221;<\/h2>\n\n\n\n<p>Sostuvo que m\u00e1s all\u00e1 de cualquier diferencia desde lo pol\u00edtico, ve a Rolando Figueroa y a Mariano Gaido \u201ctrabajando juntos\u201d, al menos en esta cruzada para poner filtros a los ajustes del gobierno nacional.<\/p>\n\n\n\n<p><strong>\u201cYo veo una provincia de Neuqu\u00e9n trabajando unida con el Municipio para resolver el tema de las represas, el DNU, y este proyecto de ley que se elev\u00f3 al Congreso Nacional&#8221; <\/strong>(un reclamo general por los fondos junto a la liga de gobernadores).<\/p>\n\n\n\n<p>Sapag le ha tocado en su segundo mandato, incluso, tener una fuerte pelea hasta con Cristina Kirchner, por el precio del gas en boca de pozo (ped\u00eda un sendero de precios para que las empresas puedan invertir, lo que hoy es el Plan Gas), pero siempre cuid\u00f3 el tono y las formas.<\/p>\n\n\n\n<p><strong>\u201cNo se puede pensar que uno es due\u00f1o de la verdad\u201d<\/strong>, dijo en referencia a la fricci\u00f3n que hay entre Milei y los gobernadores, donde el escenario que plantea el presidente es \u201ca todo o nada\u201d.<\/p>\n\n\n\n<p><strong>\u201cUna sola persona no tiene toda la verdad que esperemos que en lugar de la ofensa y el agravio, sobre todo a partir de una instituci\u00f3n como es la Presidencia de la Naci\u00f3n, no se puede construir\u201d, dijo Jorge Sapag.<\/strong><\/p>\n\n\n\n<p>El ex gobernador resalt\u00f3 el discurso de Gaido donde se refiri\u00f3 al mismo Sapag como un hombre de estado y de di\u00e1logo. \u201cEs lo que dijo Mariano tambi\u00e9n, no hay un pensamiento \u00fanico. En el di\u00e1logo es donde va surgiendo la verdad para superar las graves dificultades que tiene la rep\u00fablica\u201d, indic\u00f3.<\/p>\n\n\n\n<p>Respecto a la situaci\u00f3n econ\u00f3mica nacional, y <strong>otra posible devaluaci\u00f3n que podr\u00eda \u201cbeneficiar\u201d a Neuqu\u00e9n <\/strong>con m\u00e1s ingresos por regal\u00edas, Sapag dijo: \u201cNo soy economista pero la provincia de Neuqu\u00e9n tiene que recibir se\u00f1ales nacionales de una econom\u00eda ordenada. La inflaci\u00f3n no nos favorece absolutamente a nadie\u201d.<\/p>\n\n\n\n<p><strong>Fuente: lmneuquen.com<\/strong><\/p>\n\n\n\n<p><\/p>\n","protected":false},"excerpt":{"rendered":"<p>Jorge Sapag\u00a0dijo alguna vez que los agravios en pol\u00edtica prescriben a los seis meses. Pero qu\u00e9 hacer con un gobierno como el de\u00a0Javier Milei\u00a0que hizo del ataque un sistema, con una batalla abierta contra los gobernadores, a todo o nada. \u201cLa motosierra y la licuadora no se negocian\u201d, dijo el presidente, en un claro mensaje [&hellip;]<\/p>\n","protected":false},"author":5,"featured_media":3394,"comment_status":"open","ping_status":"open","sticky":false,"template":"","format":"standard","meta":[],"categories":[9],"tags":[],"_links":{"self":[{"href":"https:\/\/politicapatagonica.com\/index.php\/wp-json\/wp\/v2\/posts\/3393"}],"collection":[{"href":"https:\/\/politicapatagonica.com\/index.php\/wp-json\/wp\/v2\/posts"}],"about":[{"href":"https:\/\/politicapatagonica.com\/index.php\/wp-json\/wp\/v2\/types\/post"}],"author":[{"embeddable":true,"href":"https:\/\/politicapatagonica.com\/index.php\/wp-json\/wp\/v2\/users\/5"}],"replies":[{"embeddable":true,"href":"https:\/\/politicapatagonica.com\/index.php\/wp-json\/wp\/v2\/comments?post=3393"}],"version-history":[{"count":4,"href":"https:\/\/politicapatagonica.com\/index.php\/wp-json\/wp\/v2\/posts\/3393\/revisions"}],"predecessor-version":[{"id":3452,"href":"https:\/\/politicapatagonica.com\/index.php\/wp-json\/wp\/v2\/posts\/3393\/revisions\/3452"}],"wp:featuredmedia":[{"embeddable":true,"href":"https:\/\/politicapatagonica.com\/index.php\/wp-json\/wp\/v2\/media\/3394"}],"wp:attachment":[{"href":"https:\/\/politicapatagonica.com\/index.php\/wp-json\/wp\/v2\/media?parent=3393"}],"wp:term":[{"taxonomy":"category","embeddable":true,"href":"https:\/\/politicapatagonica.com\/index.php\/wp-json\/wp\/v2\/categories?post=3393"},{"taxonomy":"post_tag","embeddable":true,"href":"https:\/\/politicapatagonica.com\/index.php\/wp-json\/wp\/v2\/tags?post=3393"}],"curies":[{"name":"wp","href":"https:\/\/api.w.org\/{rel}","templated":true}]}}