{"id":3390,"date":"2024-02-16T13:01:43","date_gmt":"2024-02-16T13:01:43","guid":{"rendered":"https:\/\/politicapatagonica.com\/?p=3390"},"modified":"2024-02-22T19:12:11","modified_gmt":"2024-02-22T19:12:11","slug":"torres-sobre-los-acuerdos-con-milei-estamos-comprometidos-para-que-el-gobierno-le-vaya-bien","status":"publish","type":"post","link":"https:\/\/politicapatagonica.com\/index.php\/2024\/02\/16\/torres-sobre-los-acuerdos-con-milei-estamos-comprometidos-para-que-el-gobierno-le-vaya-bien\/","title":{"rendered":"Torres\u00a0sobre los acuerdos con Milei: \u201cEstamos comprometidos para que al Gobierno le vaya bien\u201d"},"content":{"rendered":"\n<p><strong>En medio de las discusiones sobre el ajuste del gasto p\u00fablico, el gobernador de Chubut,\u00a0Ignacio Torres, expres\u00f3 su respaldo a la prioridad del equilibrio fiscal<\/strong> impulsado por el Gobierno nacional. Torres, quien milita en el Pro, destac\u00f3 la importancia de llegar a acuerdos con el gobierno central para garantizar su \u00e9xito y anunci\u00f3 su compromiso desde Chubut para contribuir a este objetivo.<\/p>\n\n\n\n<p>Seg\u00fan Torres, &#8220;siempre es bueno que haya acuerdos con el Gobierno nacional&#8221; y agreg\u00f3: &#8220;Estamos comprometidos desde Chubut para que al Gobierno le vaya bien y queremos ser parte de esa discusi\u00f3n&#8221;. Sin embargo, hizo hincapi\u00e9 en que este apoyo no se trata simplemente de una cuesti\u00f3n de intereses pol\u00edticos o de intercambio de cargos, sino de una colaboraci\u00f3n genuina para el bienestar del pa\u00eds.<\/p>\n\n\n\n<p>En una entrevista con Radio\u00a0El Observador, Torres enfatiz\u00f3 la necesidad de establecer <strong>una agenda de desarrollo y crecimiento que considere el potencial de regiones como la Patagonia en \u00e1reas como el &#8220;hidr\u00f3geno verde&#8221;<\/strong> y la log\u00edstica. &#8220;Me refiero a una agenda estrat\u00e9gica que contemple el potencial que tiene la Patagonia&#8221;, dijo.<\/p>\n\n\n\n<p>A pesar de su alineaci\u00f3n con Milei, Torres tambi\u00e9n <strong>present\u00f3 una medida cautelar ante la Justicia Federal para exigir el pago del subsidio nacional al transporte p\u00fablico de pasajeros.<\/strong> Esta acci\u00f3n busca proteger los intereses de su provincia y, en particular, de la ciudad de Comodoro Rivadavia, que se ver\u00eda gravemente afectada por la reducci\u00f3n del subsidio nacional.<\/p>\n\n\n\n<p>El gobernador espera que este conflicto pueda resolverse a trav\u00e9s de negociaciones pol\u00edticas con la Casa Rosada. Subray\u00f3 la importancia de avanzar simult\u00e1neamente en pol\u00edticas de ajuste fiscal y en una &#8220;agenda productiva de crecimiento&#8221; que tenga en cuenta la diversidad y las necesidades del interior de Argentina.<\/p>\n\n\n\n<p><strong>Fuente: www.elchubut.com.ar<\/strong><\/p>\n","protected":false},"excerpt":{"rendered":"<p>En medio de las discusiones sobre el ajuste del gasto p\u00fablico, el gobernador de Chubut,\u00a0Ignacio Torres, expres\u00f3 su respaldo a la prioridad del equilibrio fiscal impulsado por el Gobierno nacional. Torres, quien milita en el Pro, destac\u00f3 la importancia de llegar a acuerdos con el gobierno central para garantizar su \u00e9xito y anunci\u00f3 su compromiso [&hellip;]<\/p>\n","protected":false},"author":5,"featured_media":3391,"comment_status":"open","ping_status":"open","sticky":false,"template":"","format":"standard","meta":[],"categories":[14],"tags":[],"_links":{"self":[{"href":"https:\/\/politicapatagonica.com\/index.php\/wp-json\/wp\/v2\/posts\/3390"}],"collection":[{"href":"https:\/\/politicapatagonica.com\/index.php\/wp-json\/wp\/v2\/posts"}],"about":[{"href":"https:\/\/politicapatagonica.com\/index.php\/wp-json\/wp\/v2\/types\/post"}],"author":[{"embeddable":true,"href":"https:\/\/politicapatagonica.com\/index.php\/wp-json\/wp\/v2\/users\/5"}],"replies":[{"embeddable":true,"href":"https:\/\/politicapatagonica.com\/index.php\/wp-json\/wp\/v2\/comments?post=3390"}],"version-history":[{"count":2,"href":"https:\/\/politicapatagonica.com\/index.php\/wp-json\/wp\/v2\/posts\/3390\/revisions"}],"predecessor-version":[{"id":3454,"href":"https:\/\/politicapatagonica.com\/index.php\/wp-json\/wp\/v2\/posts\/3390\/revisions\/3454"}],"wp:featuredmedia":[{"embeddable":true,"href":"https:\/\/politicapatagonica.com\/index.php\/wp-json\/wp\/v2\/media\/3391"}],"wp:attachment":[{"href":"https:\/\/politicapatagonica.com\/index.php\/wp-json\/wp\/v2\/media?parent=3390"}],"wp:term":[{"taxonomy":"category","embeddable":true,"href":"https:\/\/politicapatagonica.com\/index.php\/wp-json\/wp\/v2\/categories?post=3390"},{"taxonomy":"post_tag","embeddable":true,"href":"https:\/\/politicapatagonica.com\/index.php\/wp-json\/wp\/v2\/tags?post=3390"}],"curies":[{"name":"wp","href":"https:\/\/api.w.org\/{rel}","templated":true}]}}