{"id":3386,"date":"2024-02-15T14:00:25","date_gmt":"2024-02-15T14:00:25","guid":{"rendered":"https:\/\/politicapatagonica.com\/?p=3386"},"modified":"2024-02-15T14:00:26","modified_gmt":"2024-02-15T14:00:26","slug":"mariano-gaido-duro-contra-javier-milei-si-no-fuera-por-los-neuquinos-este-pais-no-funciona","status":"publish","type":"post","link":"https:\/\/politicapatagonica.com\/index.php\/2024\/02\/15\/mariano-gaido-duro-contra-javier-milei-si-no-fuera-por-los-neuquinos-este-pais-no-funciona\/","title":{"rendered":"Mariano Gaido, duro contra Javier Milei: &#8220;Si no fuera por los neuquinos, este pa\u00eds no funciona&#8221;"},"content":{"rendered":"\n<p>Al cierre de su discurso en el Concejo Deliberante de la ciudad de Neuqu\u00e9n, el intendente\u00a0<strong>Mariano Gaido<\/strong>\u00a0se pronunci\u00f3 con dureza contra el gobierno nacional liderado por el presidente Javier Milei y rechaz\u00f3 la postura de &#8220;inequidad e injusticia que plantea el gobierno nacional a poco m\u00e1s de un mes de asumir&#8221;.<\/p>\n\n\n\n<p>&#8220;Los neuquinos hacemos mucho por la Rep\u00fablica, y nos dicen que \u201cno hay plata\u201d nos imponen un escenario sin progreso&#8221;, expres\u00f3 el intendente frente a los concejales. Pese a que insistir\u00e1 en recibir los recursos que le corresponden a la capital, aclar\u00f3 que su plan de gesti\u00f3n apunta a sostener la obra p\u00fablica, incluso sin recursos de Naci\u00f3n.<\/p>\n\n\n\n<p>&#8220;Reclamamos lo justo, lo nuestro. Necesitamos los fondos que nos corresponden. Por cada 10 pesos que aportamos en recursos solamente vuelven 3 a la capital neuquina. Los neuquinos estamos siendo muy perjudicados y queremos los recursos que son nuestros para transformarlos en obras, en herramientas imprescindibles&#8221;, expres\u00f3 y agreg\u00f3: &#8220;A la provincia llegan 25 familias por d\u00eda, muchas de las cuales elijen esta ciudad para quedarse Somos la ciudad que m\u00e1s crece y esa demanda hay que atenderla. La inequidad e injusticia que plantea el gobierno nacional a poco m\u00e1s de un mes de asumir, nos revela&#8221;.<\/p>\n\n\n\n<p>&#8220;La pol\u00edtica del \u201cs\u00e1lvese quien pueda\u201d no es nuestra.\u00a0<strong>Los neuquinos sabemos enfrentar las dificultades; y sabemos defender lo nuestro y sobre todo sabemos que es posible construir un estado que est\u00e9 presente ante las necesidades de la gente.\u00a0Cuando trabajamos sin grietas se pone en marcha el verdadero y virtuoso poder transformador de la pol\u00edtica&#8221;, agreg\u00f3.<\/strong><\/p>\n\n\n\n<p>&#8220;Estoy dispuesto a defender cada peso que aportan las y los neuquinos, porque en Buenos Aires, en el\u00a0<strong>Obelisco<\/strong>\u00a0lo hacen muy f\u00e1cil tienen el acompa\u00f1amiento del gobierno nacional siempre y nosotros les damos el gas, la luz y el combustible, y si no fuera por los neuquinos este pa\u00eds no funciona. Son recursos que nos corresponden, y no vamos a parar la obra p\u00fablica si no los recibimos&#8221;, asegur\u00f3.<\/p>\n\n\n\n<p><strong>&#8220;Tambi\u00e9n queremos orden y transparencia<\/strong>. Nosotros no tenemos endeudamiento, tenemos las cuentas en orden y cumplimos en tiempo y en forma cada uno de los compromisos. Entonces los fondos de Naci\u00f3n que nos corresponden tienen que llegar en obras para la ciudad en compensaci\u00f3n y en garant\u00eda de todo lo que las y los vecinos de la ciudad aportan en impuestos&#8221;, expres\u00f3.&nbsp;<strong>&#8220;Estamos totalmente de acuerdo con lo que plantea el gobierno nacional de sincerar los recursos y las transferencias&#8221;, se\u00f1al\u00f3.<\/strong><\/p>\n\n\n\n<p>&#8220;Nuestra pol\u00edtica es hacer para los neuquinos y nunca nos van en encontrar poniendo palos en la rueda, siempre estaremos cuidando los recursos y los sue\u00f1os. Sostengo que la \u00fanica forma de crecer es respetando a cada uno de los ciudadanos y sus derechos&#8221;, dijo y cerr\u00f3: &#8220;Quiero dejar muy en claro que cuando todos dejaron de hacer, nosotros elegimos seguir haciendo&#8221;.<\/p>\n\n\n\n<p>El intendente capitalino ya hab\u00eda tenido varios cruces con el presidente de la Naci\u00f3n, Javier Milei. El \u00faltimo se dio durante la Fiesta Nacional de la Confluencia, el pasado fin de semana. A trav\u00e9s de sus redes sociales, el primer mandatario hab\u00eda republicado un mensaje de Twitter que criticaba los gastos para la organizaci\u00f3n de la fiesta popular, indicando &#8220;parece que en Neuqu\u00e9n les sobra la plata&#8221;. Por eso, Gaido habl\u00f3 con los medios de comunicaci\u00f3n e invit\u00f3 al presidente a participar del evento para que pueda observar de primera mano el disfrute de las familias y el derrame econ\u00f3mico que genera.<\/p>\n\n\n\n<p>En el discurso, insisti\u00f3 con la invitaci\u00f3n. &#8220;No se puede defender lo que no se conoce&#8221;, sostuvo y cit\u00f3 al escritor Eduardo Galeano, que dijo &#8220;vale la pena vivir para seguir tu conciencia, no lo que te conviene&#8221;. Se\u00f1al\u00f3 que &#8220;est\u00e1 de moda hacer ajustes porque se cree que dejar de hacer cosas es oportuno&#8221;. Y cerr\u00f3: &#8220;A m\u00ed me van a encontrar en otro camino&#8221;.<\/p>\n\n\n\n<p><strong>Su relaci\u00f3n con Figueroa<\/strong><\/p>\n\n\n\n<p>El intendente tambi\u00e9n se refiri\u00f3 a los v\u00ednculos de trabajo que forj\u00f3 con el flamante gobernador de la provincia de Neuqu\u00e9n, Rolando Figueroa. Hace un mes, se mostraron juntos en la recorrida de la obra de entubamiento del canal Necochea y durante el discurso de apertura de sesiones, en el p\u00fablico se encontraban tanto el mandatario provincial como los gobernadores mandato cumplido, Omar Guti\u00e9rrez y Jorge Sapag.<\/p>\n\n\n\n<p>&#8220;Gracias Rolando por estar y por todo el acompa\u00f1amiento de siempre, a vos y a todo tu equipo de ministros&#8221;, le dijo Gaido a Figueroa al iniciar su discurso. Adem\u00e1s, agradeci\u00f3 a los gobernadores mandato cumplido, Sapag y Guti\u00e9rrez, as\u00ed como a los diputados nacionales y otras personalidades presentes en el recinto.<\/p>\n\n\n\n<p><strong>&#8220;Fortalezco hoy nuestra firme intenci\u00f3n de continuar el trabajo<\/strong>&nbsp;<strong>codo a codo, sin grietas y en equipo con el gobierno provincial, asumiendo unidos los desaf\u00ed<\/strong><strong>os&#8221;,&nbsp;<\/strong>se\u00f1al\u00f3 el intendente y agreg\u00f3: &#8220;Los neuquinos somos gente de trabajo y as\u00ed pretendemos seguir; dando ejemplo al pa\u00eds de lo que se puede hacer con di\u00e1logo y esfuerzo&#8221;.<\/p>\n\n\n\n<p>Agreg\u00f3 que van a trabajar &#8220;espalda con espalda&#8221; para defender a Neuqu\u00e9n. &#8220;Son momentos de estar unidos&#8221;, dijo y agreg\u00f3 que &#8220;los espacios pol\u00edticos son importantes, pero m\u00e1s importante es nuestro pueblo&#8221;.<\/p>\n\n\n\n<p><strong>Fuente: www.lmneuquen.com<\/strong><\/p>\n\n\n\n<figure class=\"wp-block-image\"><img decoding=\"async\" src=\"https:\/\/www.lmneuquen.com\/css-custom\/195\/lazy.svg\" alt=\"\" title=\"\"\/><\/figure>\n","protected":false},"excerpt":{"rendered":"<p>Al cierre de su discurso en el Concejo Deliberante de la ciudad de Neuqu\u00e9n, el intendente\u00a0Mariano Gaido\u00a0se pronunci\u00f3 con dureza contra el gobierno nacional liderado por el presidente Javier Milei y rechaz\u00f3 la postura de &#8220;inequidad e injusticia que plantea el gobierno nacional a poco m\u00e1s de un mes de asumir&#8221;. &#8220;Los neuquinos hacemos mucho [&hellip;]<\/p>\n","protected":false},"author":5,"featured_media":3388,"comment_status":"open","ping_status":"open","sticky":false,"template":"","format":"standard","meta":[],"categories":[9],"tags":[],"_links":{"self":[{"href":"https:\/\/politicapatagonica.com\/index.php\/wp-json\/wp\/v2\/posts\/3386"}],"collection":[{"href":"https:\/\/politicapatagonica.com\/index.php\/wp-json\/wp\/v2\/posts"}],"about":[{"href":"https:\/\/politicapatagonica.com\/index.php\/wp-json\/wp\/v2\/types\/post"}],"author":[{"embeddable":true,"href":"https:\/\/politicapatagonica.com\/index.php\/wp-json\/wp\/v2\/users\/5"}],"replies":[{"embeddable":true,"href":"https:\/\/politicapatagonica.com\/index.php\/wp-json\/wp\/v2\/comments?post=3386"}],"version-history":[{"count":1,"href":"https:\/\/politicapatagonica.com\/index.php\/wp-json\/wp\/v2\/posts\/3386\/revisions"}],"predecessor-version":[{"id":3389,"href":"https:\/\/politicapatagonica.com\/index.php\/wp-json\/wp\/v2\/posts\/3386\/revisions\/3389"}],"wp:featuredmedia":[{"embeddable":true,"href":"https:\/\/politicapatagonica.com\/index.php\/wp-json\/wp\/v2\/media\/3388"}],"wp:attachment":[{"href":"https:\/\/politicapatagonica.com\/index.php\/wp-json\/wp\/v2\/media?parent=3386"}],"wp:term":[{"taxonomy":"category","embeddable":true,"href":"https:\/\/politicapatagonica.com\/index.php\/wp-json\/wp\/v2\/categories?post=3386"},{"taxonomy":"post_tag","embeddable":true,"href":"https:\/\/politicapatagonica.com\/index.php\/wp-json\/wp\/v2\/tags?post=3386"}],"curies":[{"name":"wp","href":"https:\/\/api.w.org\/{rel}","templated":true}]}}