{"id":3383,"date":"2024-02-15T13:05:24","date_gmt":"2024-02-15T13:05:24","guid":{"rendered":"https:\/\/politicapatagonica.com\/?p=3383"},"modified":"2024-02-15T13:05:25","modified_gmt":"2024-02-15T13:05:25","slug":"castro-en-buenos-aires-con-intendentes-de-todo-el-pais","status":"publish","type":"post","link":"https:\/\/politicapatagonica.com\/index.php\/2024\/02\/15\/castro-en-buenos-aires-con-intendentes-de-todo-el-pais\/","title":{"rendered":"Castro en Buenos Aires con intendentes de todo el pa\u00eds"},"content":{"rendered":"\n<p><strong>Marcos Castro se encuentra en Buenos Aires<\/strong>, donde hoy junto a intendentes de las principales ciudades del pa\u00eds, estar\u00e1 a las 11 en el Congreso Nacional para escenificar <strong>el reclamo por la quita de los subsidios a las empresas de transporte<\/strong>, lo que implicar\u00e1 en los <strong>pr\u00f3ximos d\u00edas un fuerte aumento del boleto urbano e interurbano<\/strong>, que podr\u00eda llegar al doble del actual.<\/p>\n\n\n\n<p><strong>En el marco de lo que consideran una \u00abvenganza\u00bb hacia el interior por el fracaso de la ley \u00f3mnibus, los jefes comunales indicaron que la decisi\u00f3n \u00aba los \u00fanicos que discrimina es a quienes votaron al Presidente\u00bb.<\/strong><\/p>\n\n\n\n<p>El intendente de <strong>Viedma<\/strong>, se\u00f1al\u00f3 adem\u00e1s que \u00abvenimos a gestionar lo que tiene que ver con la obra p\u00fablica, con partidas que nos corresponden para poder finalizar obras como la terminal de \u00f3mnibus o iniciar asfalto en distintos barrios, plata que nos corresponde pero que a\u00fan no recibimos respuestas de c\u00f3mo va a continuar su ejecuci\u00f3n\u201d y explic\u00f3 que <strong>\u201cno solo son partidas que ya estaban presupuestadas, sino que son puestos de trabajos que hoy est\u00e1n en riesgo ante este contexto de crisis\u201d.<\/strong><\/p>\n\n\n\n<p><strong>Sobre la Fiesta Nacional del R\u00edo, se\u00f1al\u00f3 que \u00abeste a\u00f1o no se realizar\u00e1 como se ven\u00eda desarrollando\u00bb y adelant\u00f3 que \u00abno obstante, estamos pensando un evento para festejar el aniversario de nuestra ciudad, por eso tomamos esta decisi\u00f3n de suspensi\u00f3n\u201d.<\/strong><\/p>\n\n\n\n<p><strong>Fuente: adnrionegro.com.ar<\/strong><\/p>\n","protected":false},"excerpt":{"rendered":"<p>Marcos Castro se encuentra en Buenos Aires, donde hoy junto a intendentes de las principales ciudades del pa\u00eds, estar\u00e1 a las 11 en el Congreso Nacional para escenificar el reclamo por la quita de los subsidios a las empresas de transporte, lo que implicar\u00e1 en los pr\u00f3ximos d\u00edas un fuerte aumento del boleto urbano e [&hellip;]<\/p>\n","protected":false},"author":5,"featured_media":3384,"comment_status":"open","ping_status":"open","sticky":false,"template":"","format":"standard","meta":[],"categories":[13],"tags":[],"_links":{"self":[{"href":"https:\/\/politicapatagonica.com\/index.php\/wp-json\/wp\/v2\/posts\/3383"}],"collection":[{"href":"https:\/\/politicapatagonica.com\/index.php\/wp-json\/wp\/v2\/posts"}],"about":[{"href":"https:\/\/politicapatagonica.com\/index.php\/wp-json\/wp\/v2\/types\/post"}],"author":[{"embeddable":true,"href":"https:\/\/politicapatagonica.com\/index.php\/wp-json\/wp\/v2\/users\/5"}],"replies":[{"embeddable":true,"href":"https:\/\/politicapatagonica.com\/index.php\/wp-json\/wp\/v2\/comments?post=3383"}],"version-history":[{"count":1,"href":"https:\/\/politicapatagonica.com\/index.php\/wp-json\/wp\/v2\/posts\/3383\/revisions"}],"predecessor-version":[{"id":3385,"href":"https:\/\/politicapatagonica.com\/index.php\/wp-json\/wp\/v2\/posts\/3383\/revisions\/3385"}],"wp:featuredmedia":[{"embeddable":true,"href":"https:\/\/politicapatagonica.com\/index.php\/wp-json\/wp\/v2\/media\/3384"}],"wp:attachment":[{"href":"https:\/\/politicapatagonica.com\/index.php\/wp-json\/wp\/v2\/media?parent=3383"}],"wp:term":[{"taxonomy":"category","embeddable":true,"href":"https:\/\/politicapatagonica.com\/index.php\/wp-json\/wp\/v2\/categories?post=3383"},{"taxonomy":"post_tag","embeddable":true,"href":"https:\/\/politicapatagonica.com\/index.php\/wp-json\/wp\/v2\/tags?post=3383"}],"curies":[{"name":"wp","href":"https:\/\/api.w.org\/{rel}","templated":true}]}}