{"id":3379,"date":"2024-02-14T13:33:17","date_gmt":"2024-02-14T13:33:17","guid":{"rendered":"https:\/\/politicapatagonica.com\/?p=3379"},"modified":"2024-02-14T13:33:18","modified_gmt":"2024-02-14T13:33:18","slug":"prueba-de-fuego-se-viene-la-primera-paritaria-central-en-santa-cruz","status":"publish","type":"post","link":"https:\/\/politicapatagonica.com\/index.php\/2024\/02\/14\/prueba-de-fuego-se-viene-la-primera-paritaria-central-en-santa-cruz\/","title":{"rendered":"Prueba de fuego: se viene la primera paritaria central en Santa Cruz"},"content":{"rendered":"\n<p>Ya en retirada del Gobierno,&nbsp;<strong>Alicia Kirchner<\/strong>&nbsp;habilit\u00f3 a sus funcionarios a avanzar en la nueva carrera administrativa con los sindicatos estatales -que le puso el punto final a la ex 591- y, en paralelo, en nuevos convenios colectivos de trabajo con distintos organismos aut\u00e1rquicos, como la&nbsp;<strong>Caja de Previsi\u00f3n Social y la Agencia de Medios y Contenidos Audiovisuales (AMA)<\/strong>, hoy convertida nuevamente en una Secretar\u00eda de Estado. Concluido, el anuncio oficial se hizo con un acto en Casa de Gobierno, en el que participaron los principales dirigentes de los gremios que nuclean a los trabajadores.&nbsp;&nbsp;<\/p>\n\n\n\n<p><strong>Carlos Garz\u00f3n<\/strong>, secretario general de la&nbsp;<strong>Asociaci\u00f3n de Trabajadores del Estado (ATE)<\/strong>&nbsp;de Santa Cruz, hab\u00eda sido muy cr\u00edtico de la gesti\u00f3n anterior en el gremio, en la que \u00e9l fue secretario adjunto (el segundo de&nbsp;<strong>Olga Reinoso<\/strong>) y los hab\u00eda acusado de abandonar a los empleados del Estado por fines personales. Pero en ese acto,&nbsp;<strong>Garz\u00f3n tuvo tambi\u00e9n palabras de agradecimiento para la ex gobernadora<\/strong>.&nbsp;&nbsp;<\/p>\n\n\n\n<p>\u201cLos convenios colectivos son pol\u00edticas de Estado que trascienden a los gobiernos y que los trabajadores lo van a defender, por eso tambi\u00e9n agradecer la decisi\u00f3n pol\u00edtica de Alicia Kirchner porque juntos hemos logrado todas estas reivindicaciones\u201d, asegur\u00f3 el sindicalista en un tramo de su discurso.\u00a0\u00a0<\/p>\n\n\n\n<p>Garz\u00f3n, quien dio sus primeros pasos sindicales en Caleta Olivia, alertaba en ese entonces sobre la posible \u201cestigmatizaci\u00f3n hacia el trabajador del Estado\u201d. \u201cLos trabajadores y trabajadoras de Santa Cruz -dec\u00eda- se deben quedar tranquilos porque seguramente va a haber revanchismo, seguramente nos van a estigmatizar por estar hoy ac\u00e1, por ello le decimos con toda claridad a los que est\u00e1n; a los que vienen que no van a tener un sindicato subordinado, van a tener un sindicato en defensa de los trabajadores y las trabajadoras estatales. Por eso compa\u00f1era y compa\u00f1eros, a defender las conquistas y los derechos para seguir trabajando en cada sector de trabajo\u201d.&nbsp;&nbsp;<\/p>\n\n\n\n<p>Consultado por&nbsp;<strong>Tiempo Sur<\/strong>&nbsp;al final del acto en el Sal\u00f3n Blanco, Garz\u00f3n habl\u00f3 de las expectativas del gobernador actual Claudio Vidal, quien el 13 de agosto se hab\u00eda consagrado con m\u00e1s de 50 mil votos y dio un en\u00e9rgico discurso cerca de las 4 de la ma\u00f1ana del 14 afuera de uno de sus locales partidarios en R\u00edo Gallegos.&nbsp;<strong>\u201cEl gobernador sabe muy bien las necesidades de los trabajadores, no las desconoce. Hay que dejar que tome decisiones en base a la econom\u00eda y la realidad de la gente, no hay que subestimar al gobernador electo, si nos quiere incluir y sumar, nosotros estamos dispuestos, pero en contra de la gente, nada<\/strong>\u201d, analiz\u00f3.&nbsp;&nbsp;<\/p>\n\n\n\n<p><strong>Claudio Vidal enfrenta este mi\u00e9rcoles una prueba de fuego con la apertura de la paritaria central, en un mes como febrero que siempre tiene complejidades y donde las negociaciones por los aumentos salariales se transforman en un toma y daca, a veces sin fin<\/strong>. ATE ya adelant\u00f3, luego de un encuentro interno, que\u00a0<strong>pedir\u00e1 cl\u00e1usula gatillo m\u00e1s un porcentaje arriba<\/strong>\u00a0\u201cque deje por encima de la inflaci\u00f3n los salarios a fin de recuperar el poder adquisitivo real\u201d. Tambi\u00e9n exigieron la apertura de las paritarias sectoriales, \u201cque cumplan los CCT y los acuerdos paritarios homologados en el \u00faltimo semestre\u201d.\u00a0<\/p>\n\n\n\n<p>En una coyuntura econ\u00f3mica imprevisible, con el n\u00famero de inflaci\u00f3n en escalada (el dato de enero se conocer\u00e1 mediante el INDEC este mi\u00e9rcoles por la tarde), con una notable devaluaci\u00f3n y Javier Milei recortando los giros a las provincias tras la ca\u00edda ley \u00f3mnibus,&nbsp;<strong>es una inc\u00f3gnita saber qu\u00e9 suba al b\u00e1sico podr\u00e1 ofertar el Gobierno<\/strong>. Seg\u00fan la postura de Garz\u00f3n,&nbsp;<strong>ser\u00e1 una reuni\u00f3n \u00e1lgida, en la que aparentemente los gremios no ceder\u00e1n tan f\u00e1cilmente<\/strong>.&nbsp;&nbsp;<\/p>\n\n\n\n<p>Con algunas consultaras econ\u00f3micas que prev\u00e9n un n\u00famero por encima del 20 por ciento \u2013similar al de diciembre-, las provincias intentan atenuar el impacto de la escalada en los precios, pero no reciben buenas se\u00f1ales desde Naci\u00f3n. \u201cSer\u00eda muy dif\u00edcil que Naci\u00f3n no env\u00ede los aportes. No solamente para educaci\u00f3n, tampoco enviaron los aportes para la Caja de Previsi\u00f3n\u201d, dijo Vidal a los medios hace unos d\u00edas mientras pintaba el aula de una de las escuelas de R\u00edo Gallegos.&nbsp;&nbsp;<\/p>\n\n\n\n<p>El mensaje sobre la no contribuci\u00f3n de la Anses al d\u00e9ficit de la Caja de Previsi\u00f3n Social no es casual: si el dinero no llega, el\u00a0<strong>Tesoro provincial tiene que cubrir tambi\u00e9n ese porcentaje<\/strong>.\u00a0<strong>La Caja de Jubilaciones, Pensiones y Retiros de la provincia tiene un d\u00e9ficit de m\u00e1s de 50 mil millones anuales, seg\u00fan indic\u00f3 su presidente Marcial Can\u00e9, y cualquier salvavidas por parte del Gobierno nacional es valioso<\/strong>.\u00a0\u00a0<\/p>\n\n\n\n<p>En la gesti\u00f3n anterior, Alicia Kirchner gestionaba personalmente con la ex titular de la Anses, Fernanda Raverta, y el&nbsp;\u00faltimo&nbsp;giro&nbsp;en 2023 (para los que exigen ciertos avances en materia previsional) fue de&nbsp;4&nbsp;mil millones de pesos. En medio de la salida de Osvaldo Giordano, funcionario que lleg\u00f3 al organismo previsional nacional por recomendaci\u00f3n del ex gobernador cordob\u00e9s, Juan Schiaretti,&nbsp;<strong>varios medios aseguran que llegar\u00e1 alguien de Mauricio Macri a ese lugar y las relaciones con las provincias podr\u00edan ir empeorando: cuando Macri fue presidente, ped\u00eda que las Cajas no transferidas sean pasadas a la \u00f3rbita de Naci\u00f3n. No pudo avanzar. \u00bfY ahora?&nbsp;<\/strong><\/p>\n\n\n\n<p>Claudio Vidal, que tiene extracci\u00f3n gremial y un sinf\u00edn de paritarias encima, dijo el s\u00e1bado pasado que est\u00e1n haciendo el mayor esfuerzo para las negociaciones salariales. Indic\u00f3 que se tendr\u00e1n que acostumbrar a paritarias continuas, como tiene el sector privado, pero tambi\u00e9n ratific\u00f3 que \u201ctienen una enorme deuda p\u00fablica que dej\u00f3 el gobierno anterior (esto lo desmienten ex funcionarios de Alicia Kirchner)\u201d y le baj\u00f3 la relevancia a la duplicaci\u00f3n de ingresos por regal\u00edas, con la suba del d\u00f3lar oficial.\u00a0<\/p>\n\n\n\n<p>En la primera reuni\u00f3n oficial entre el Gobierno y los gremios de la administraci\u00f3n central que se dar\u00e1 este mi\u00e9rcoles dif\u00edcilmente lleguen a un acuerdo por las pretensiones de cada uno. Ya sucedi\u00f3 en la primera paritaria docente, donde el Ejecutivo escuch\u00f3 los pedidos de Adosac y Amet y prometi\u00f3 llevar una propuesta en la del 20 de febrero, a nueve d\u00edas del inicio de clases 2024. Seguramente, por este antecedente, ATE elev\u00f3 una nota fijando sus prioridades y espera alguna contraoferta del Gobierno.<strong>\u00a0Con el quincho de Fomicruz como sitio elegido, los estatales esperan con ansias la primera paritaria por el desmedido aumento de precios que hubo en este tiempo (y que se viene arrastrando hace tiempo) y marcar\u00e1 la temperatura social de parte de la sociedad de Santa Cruz que trabaja en la administraci\u00f3n p\u00fablica.<\/strong>\u00a0\u00a0<\/p>\n\n\n\n<p><strong>Fuente: www.tiemposur.com.ar<\/strong><\/p>\n","protected":false},"excerpt":{"rendered":"<p>Ya en retirada del Gobierno,&nbsp;Alicia Kirchner&nbsp;habilit\u00f3 a sus funcionarios a avanzar en la nueva carrera administrativa con los sindicatos estatales -que le puso el punto final a la ex 591- y, en paralelo, en nuevos convenios colectivos de trabajo con distintos organismos aut\u00e1rquicos, como la&nbsp;Caja de Previsi\u00f3n Social y la Agencia de Medios y Contenidos [&hellip;]<\/p>\n","protected":false},"author":5,"featured_media":3380,"comment_status":"open","ping_status":"open","sticky":false,"template":"","format":"standard","meta":[],"categories":[8],"tags":[],"_links":{"self":[{"href":"https:\/\/politicapatagonica.com\/index.php\/wp-json\/wp\/v2\/posts\/3379"}],"collection":[{"href":"https:\/\/politicapatagonica.com\/index.php\/wp-json\/wp\/v2\/posts"}],"about":[{"href":"https:\/\/politicapatagonica.com\/index.php\/wp-json\/wp\/v2\/types\/post"}],"author":[{"embeddable":true,"href":"https:\/\/politicapatagonica.com\/index.php\/wp-json\/wp\/v2\/users\/5"}],"replies":[{"embeddable":true,"href":"https:\/\/politicapatagonica.com\/index.php\/wp-json\/wp\/v2\/comments?post=3379"}],"version-history":[{"count":1,"href":"https:\/\/politicapatagonica.com\/index.php\/wp-json\/wp\/v2\/posts\/3379\/revisions"}],"predecessor-version":[{"id":3381,"href":"https:\/\/politicapatagonica.com\/index.php\/wp-json\/wp\/v2\/posts\/3379\/revisions\/3381"}],"wp:featuredmedia":[{"embeddable":true,"href":"https:\/\/politicapatagonica.com\/index.php\/wp-json\/wp\/v2\/media\/3380"}],"wp:attachment":[{"href":"https:\/\/politicapatagonica.com\/index.php\/wp-json\/wp\/v2\/media?parent=3379"}],"wp:term":[{"taxonomy":"category","embeddable":true,"href":"https:\/\/politicapatagonica.com\/index.php\/wp-json\/wp\/v2\/categories?post=3379"},{"taxonomy":"post_tag","embeddable":true,"href":"https:\/\/politicapatagonica.com\/index.php\/wp-json\/wp\/v2\/tags?post=3379"}],"curies":[{"name":"wp","href":"https:\/\/api.w.org\/{rel}","templated":true}]}}